{"id":6134,"date":"2019-07-28T13:42:09","date_gmt":"2019-07-28T11:42:09","guid":{"rendered":"http:\/\/lesmaconsdelacreuse.fr\/annuaire\/?p=6134"},"modified":"2020-01-20T11:26:48","modified_gmt":"2020-01-20T10:26:48","slug":"l_452","status":"publish","type":"post","link":"https:\/\/www.lesmaconsdelacreuse.fr\/annuaires\/lettre-l\/l_452\/","title":{"rendered":"LARFOUILLAUD Antoine (1795-1875)"},"content":{"rendered":"<p class=\"last-updated\"><strong>Mis \u00e0 jour le :<\/strong> 25\/04\/2026<\/p><h2 style=\"text-align: center;\"><strong>Antoine LARFOUILLAUD<\/strong><\/h2>\n<p style=\"text-align: center;\"><strong>1795 \u2013 1875<\/strong><\/p>\n<p style=\"text-align: center;\"><img decoding=\"async\" title=\"\" src=\"https:\/\/lesmaconsdelacreuse.fr\/annuaire\/wp-content\/uploads\/2019\/07\/image1-1459.jpg\" alt=\"\" data-source-id=\"i.0\" data-asset-id=\"6133\" \/><\/p>\n<h4 style=\"text-align: center;\"><span style=\"color: #008000;\"><strong>ma\u00e7on <\/strong>et<strong> cultivateur<\/strong><\/span><\/h4>\n<p style=\"text-align: center;\">n\u00e9 au Ch\u00e2taignoux (Roy\u00e8re)<\/p>\n<p style=\"text-align: center;\">le 27 vend\u00e9miaire an IV (19 octobre 1795)<\/p>\n<p style=\"text-align: center;\">fils de<\/p>\n<p style=\"text-align: center;\">Antoine LARFOUILLAUD, tailleur d\u2019habits<\/p>\n<p style=\"text-align: center;\">Th\u00e9r\u00e8se MOREIL, cultivatrice<\/p>\n<p style=\"text-align: center;\"><span style=\"color: #ffffff;\">\u25d9<\/span><\/p>\n<p><em>Antoine \u00e9pouse L\u00e9onarde <\/em><strong>SAUTOUR<\/strong><em> le 8 f\u00e9vrier <\/em><strong>1819<\/strong><em> \u00e0 Roy\u00e8re (contrat Coutisson). Ils habitent d\u2019abord le Ch\u00e2taignoux. <\/em><\/p>\n<p><strong>En 1850<\/strong><em>, Antoine travaille dans le <\/em><span style=\"color: #0000ff;\"><strong>Rh\u00f4ne (69)<\/strong><\/span><em>. <\/em><\/p>\n<p><em>Il d\u00e9c\u00e8de \u00e0 Villegouleix, commune de Saint-Martin-Ch\u00e2teau, le 19 juillet <\/em><strong>1875<\/strong>,<em> \u00e2g\u00e9 de 79 ans. <\/em><\/p>\n","protected":false},"excerpt":{"rendered":"<p>Mis \u00e0 jour le : 25\/04\/2026Antoine LARFOUILLAUD 1795 \u2013 1875 ma\u00e7on et cultivateur n\u00e9 au Ch\u00e2taignoux (Roy\u00e8re) le 27 vend\u00e9miaire an IV (19 octobre 1795) fils de Antoine LARFOUILLAUD, tailleur d\u2019habits Th\u00e9r\u00e8se MOREIL, cultivatrice \u25d9 Antoine \u00e9pouse L\u00e9onarde SAUTOUR le 8 f\u00e9vrier 1819 \u00e0 Roy\u00e8re (contrat Coutisson). Ils habitent d\u2019abord le Ch\u00e2taignoux. En 1850, Antoine ..<\/p>\n<div class=\"clear-fix\"><\/div>\n<p><a href=\"https:\/\/www.lesmaconsdelacreuse.fr\/annuaires\/lettre-l\/l_452\/\" title=\"Lire la suite...\">Lire la suite<\/a><\/p>\n","protected":false},"author":6,"featured_media":0,"comment_status":"closed","ping_status":"closed","sticky":false,"template":"","format":"standard","meta":{"_acf_changed":false,"_exactmetrics_skip_tracking":false,"_exactmetrics_sitenote_active":false,"_exactmetrics_sitenote_note":"","_exactmetrics_sitenote_category":0,"footnotes":""},"categories":[19],"tags":[],"class_list":["post-6134","post","type-post","status-publish","format-standard","hentry","category-lettre-l"],"acf":[],"_links":{"self":[{"href":"https:\/\/www.lesmaconsdelacreuse.fr\/annuaires\/wp-json\/wp\/v2\/posts\/6134","targetHints":{"allow":["GET"]}}],"collection":[{"href":"https:\/\/www.lesmaconsdelacreuse.fr\/annuaires\/wp-json\/wp\/v2\/posts"}],"about":[{"href":"https:\/\/www.lesmaconsdelacreuse.fr\/annuaires\/wp-json\/wp\/v2\/types\/post"}],"author":[{"embeddable":true,"href":"https:\/\/www.lesmaconsdelacreuse.fr\/annuaires\/wp-json\/wp\/v2\/users\/6"}],"replies":[{"embeddable":true,"href":"https:\/\/www.lesmaconsdelacreuse.fr\/annuaires\/wp-json\/wp\/v2\/comments?post=6134"}],"version-history":[{"count":0,"href":"https:\/\/www.lesmaconsdelacreuse.fr\/annuaires\/wp-json\/wp\/v2\/posts\/6134\/revisions"}],"wp:attachment":[{"href":"https:\/\/www.lesmaconsdelacreuse.fr\/annuaires\/wp-json\/wp\/v2\/media?parent=6134"}],"wp:term":[{"taxonomy":"category","embeddable":true,"href":"https:\/\/www.lesmaconsdelacreuse.fr\/annuaires\/wp-json\/wp\/v2\/categories?post=6134"},{"taxonomy":"post_tag","embeddable":true,"href":"https:\/\/www.lesmaconsdelacreuse.fr\/annuaires\/wp-json\/wp\/v2\/tags?post=6134"}],"curies":[{"name":"wp","href":"https:\/\/api.w.org\/{rel}","templated":true}]}}