{"id":6153,"date":"2019-07-28T13:42:06","date_gmt":"2019-07-28T11:42:06","guid":{"rendered":"http:\/\/lesmaconsdelacreuse.fr\/annuaire\/?p=6153"},"modified":"2020-01-20T11:26:49","modified_gmt":"2020-01-20T10:26:49","slug":"l_462","status":"publish","type":"post","link":"https:\/\/www.lesmaconsdelacreuse.fr\/annuaires\/lettre-l\/l_462\/","title":{"rendered":"LARFOUILLAUD L\u00e9onard (1851-1939"},"content":{"rendered":"<p class=\"last-updated\"><strong>Mis \u00e0 jour le :<\/strong> 25\/04\/2026<\/p><h2 style=\"text-align: center;\"><strong>L\u00e9onard LARFOUILLAUD<\/strong><\/h2>\n<p style=\"text-align: center;\"><strong>1851 \u2013 1939<\/strong><\/p>\n<p style=\"text-align: center;\"><img decoding=\"async\" title=\"\" src=\"https:\/\/lesmaconsdelacreuse.fr\/annuaire\/wp-content\/uploads\/2019\/07\/image1-1468.jpg\" alt=\"\" data-source-id=\"i.0\" data-asset-id=\"6151\" \/><\/p>\n<h4 style=\"text-align: center;\"><span style=\"color: #008000;\"><strong>entrepreneur de ma\u00e7onnerie<\/strong><\/span><\/h4>\n<p style=\"text-align: center;\">n\u00e9 au Ch\u00e2taignoux (Roy\u00e8re)<\/p>\n<p style=\"text-align: center;\">le 6 octobre 1851<\/p>\n<p style=\"text-align: center;\">fils de<\/p>\n<p style=\"text-align: center;\">Ren\u00e9 LARFOUILLAUD, <span style=\"color: #008000;\"><strong>ma\u00e7on<\/strong><\/span><\/p>\n<p style=\"text-align: center;\">Catherine BATIME, cultivatrice<\/p>\n<p style=\"text-align: center;\"><span style=\"color: #ffffff;\">\u25d9<\/span><\/p>\n<p><strong>En 1872<\/strong><em>, L\u00e9onard est exempt\u00e9 de service militaire pour d\u00e9faut de taille.<\/em><\/p>\n<p><em>Il \u00e9pouse Eug\u00e9nie <\/em><strong>JARRY<\/strong><em> \u00e0 Roy\u00e8re le 9 mars <\/em><strong>1879<\/strong><em> (contrat Toumieux). <\/em><\/p>\n<p><em>La m\u00eame ann\u00e9e, il travaille \u00e0 <\/em><span style=\"color: #0000ff;\"><strong>Saint-Genis-Laval (69)<\/strong><\/span><em>.<\/em><\/p>\n<p><strong>En 1887<\/strong><em>, les \u00e9poux sont \u00e0 <\/em><span style=\"color: #0000ff;\"><strong>Lyon (69)<\/strong><\/span><em>,\u00a0et habitent 78, rue Cuvier;<\/em><\/p>\n<p><strong>de 1888 \u00e0 1892<\/strong> <em>au moins, au 47 de la m\u00eame rue;<\/em><\/p>\n<p><strong>de 1908 \u00e0 1913<\/strong> <em>au moins, 110, rue Duguesclin.<\/em><\/p>\n<p><em> Ils d\u00e9c\u00e8dent au Ch\u00e2taignoux\u00a0:<\/em><\/p>\n<ul>\n<li><em>Eug\u00e9nie, le 26 mai <\/em><strong>1936<\/strong><em>, \u00e2g\u00e9e de 78 ans<\/em><\/li>\n<li><em>L\u00e9onard, le 12 d\u00e9cembre <\/em><strong>1939<\/strong><em>, \u00e2g\u00e9 de 88 ans<\/em><\/li>\n<\/ul>\n<p>&nbsp;<\/p>\n","protected":false},"excerpt":{"rendered":"<p>Mis \u00e0 jour le : 25\/04\/2026L\u00e9onard LARFOUILLAUD 1851 \u2013 1939 entrepreneur de ma\u00e7onnerie n\u00e9 au Ch\u00e2taignoux (Roy\u00e8re) le 6 octobre 1851 fils de Ren\u00e9 LARFOUILLAUD, ma\u00e7on Catherine BATIME, cultivatrice \u25d9 En 1872, L\u00e9onard est exempt\u00e9 de service militaire pour d\u00e9faut de taille. Il \u00e9pouse Eug\u00e9nie JARRY \u00e0 Roy\u00e8re le 9 mars 1879 (contrat Toumieux). La ..<\/p>\n<div class=\"clear-fix\"><\/div>\n<p><a href=\"https:\/\/www.lesmaconsdelacreuse.fr\/annuaires\/lettre-l\/l_462\/\" title=\"Lire la suite...\">Lire la suite<\/a><\/p>\n","protected":false},"author":6,"featured_media":0,"comment_status":"closed","ping_status":"closed","sticky":false,"template":"","format":"standard","meta":{"_acf_changed":false,"_exactmetrics_skip_tracking":false,"_exactmetrics_sitenote_active":false,"_exactmetrics_sitenote_note":"","_exactmetrics_sitenote_category":0,"footnotes":""},"categories":[19],"tags":[],"class_list":["post-6153","post","type-post","status-publish","format-standard","hentry","category-lettre-l"],"acf":[],"_links":{"self":[{"href":"https:\/\/www.lesmaconsdelacreuse.fr\/annuaires\/wp-json\/wp\/v2\/posts\/6153","targetHints":{"allow":["GET"]}}],"collection":[{"href":"https:\/\/www.lesmaconsdelacreuse.fr\/annuaires\/wp-json\/wp\/v2\/posts"}],"about":[{"href":"https:\/\/www.lesmaconsdelacreuse.fr\/annuaires\/wp-json\/wp\/v2\/types\/post"}],"author":[{"embeddable":true,"href":"https:\/\/www.lesmaconsdelacreuse.fr\/annuaires\/wp-json\/wp\/v2\/users\/6"}],"replies":[{"embeddable":true,"href":"https:\/\/www.lesmaconsdelacreuse.fr\/annuaires\/wp-json\/wp\/v2\/comments?post=6153"}],"version-history":[{"count":0,"href":"https:\/\/www.lesmaconsdelacreuse.fr\/annuaires\/wp-json\/wp\/v2\/posts\/6153\/revisions"}],"wp:attachment":[{"href":"https:\/\/www.lesmaconsdelacreuse.fr\/annuaires\/wp-json\/wp\/v2\/media?parent=6153"}],"wp:term":[{"taxonomy":"category","embeddable":true,"href":"https:\/\/www.lesmaconsdelacreuse.fr\/annuaires\/wp-json\/wp\/v2\/categories?post=6153"},{"taxonomy":"post_tag","embeddable":true,"href":"https:\/\/www.lesmaconsdelacreuse.fr\/annuaires\/wp-json\/wp\/v2\/tags?post=6153"}],"curies":[{"name":"wp","href":"https:\/\/api.w.org\/{rel}","templated":true}]}}