{"id":6158,"date":"2019-07-28T13:42:05","date_gmt":"2019-07-28T11:42:05","guid":{"rendered":"http:\/\/lesmaconsdelacreuse.fr\/annuaire\/?p=6158"},"modified":"2021-12-21T10:49:34","modified_gmt":"2021-12-21T09:49:34","slug":"l_491","status":"publish","type":"post","link":"https:\/\/www.lesmaconsdelacreuse.fr\/annuaires\/lettre-l\/l_491\/","title":{"rendered":"LARNAUD Fran\u00e7ois (1862-1931)"},"content":{"rendered":"<p class=\"last-updated\"><strong>Mis \u00e0 jour le :<\/strong> 25\/04\/2026<\/p><h2 style=\"text-align: center;\"><strong>Fran\u00e7ois LARNAUD<\/strong><\/h2>\n<p style=\"text-align: center;\"><strong>1862 \u2013 1931<\/strong><\/p>\n<p style=\"text-align: center;\"><img decoding=\"async\" title=\"\" src=\"https:\/\/lesmaconsdelacreuse.fr\/annuaire\/wp-content\/uploads\/2019\/07\/image1-1470.jpg\" alt=\"\" data-source-id=\"i.0\" data-asset-id=\"6156\" \/><\/p>\n<h4 style=\"text-align: center;\"><span style=\"color: #008000;\"><strong>ma\u00e7on <\/strong>et <strong>cultivateur<\/strong><\/span><\/h4>\n<p style=\"text-align: center;\">n\u00e9 \u00e0 Chez-P\u00e9gatou (Peyrat-le-Ch\u00e2teau &#8211; 87)<\/p>\n<p style=\"text-align: center;\">le 24 janvier 1862<\/p>\n<p style=\"text-align: center;\">fils de<\/p>\n<p style=\"text-align: center;\">L\u00e9onard LARNAUD \/ Anne TOPELET<\/p>\n<p style=\"text-align: center;\">cultivateurs<\/p>\n<p style=\"text-align: center;\"><span style=\"color: #ffffff;\">\u25d9<\/span><\/p>\n<p><strong>En 1882<\/strong><em><strong>,<\/strong> Fran\u00e7ois habite Saint-Moreil avec ses parents.<\/em><\/p>\n<p><em>Il travaille \u00e0 <\/em><span style=\"color: #0000ff;\"><strong>Paris (75)<\/strong><\/span><em> et loge\u00a0:<\/em><\/p>\n<p><strong>en 1888 et 1890<\/strong><em>, 20, rue Roussel\u00a0;<\/em><\/p>\n<p><em>Il \u00e9pouse Marie <\/em><strong>CHASSAGNOUX<\/strong><em> le 12 mars <\/em><strong>1892<\/strong><em> \u00e0 Saint-Hilaire-le-Ch\u00e2teau (contrat Va\u00efsse \u00e0 Bourganeuf).<\/em><\/p>\n<p><strong>En 1898<\/strong><em><strong>,<\/strong> de nouveau \u00e0 Paris, il habite 40, rue Laugier, dans le 2e arrondissement.<\/em><\/p>\n<p><strong>En 1901<\/strong><em>, les \u00e9poux sont \u00e0 Saint-Pierre-le-Bost.<\/em><\/p>\n<p><em>Fran\u00e7ois d\u00e9c\u00e8de \u00e0 Montauveix, commune de Saint-Junien-la-Breg\u00e8re, le 3 ao\u00fbt <\/em><strong>1931<\/strong><em>, \u00e2g\u00e9 de 69 ans.<\/em><\/p>\n","protected":false},"excerpt":{"rendered":"<p>Mis \u00e0 jour le : 25\/04\/2026Fran\u00e7ois LARNAUD 1862 \u2013 1931 ma\u00e7on et cultivateur n\u00e9 \u00e0 Chez-P\u00e9gatou (Peyrat-le-Ch\u00e2teau &#8211; 87) le 24 janvier 1862 fils de L\u00e9onard LARNAUD \/ Anne TOPELET cultivateurs \u25d9 En 1882, Fran\u00e7ois habite Saint-Moreil avec ses parents. Il travaille \u00e0 Paris (75) et loge\u00a0: en 1888 et 1890, 20, rue Roussel\u00a0; Il ..<\/p>\n<div class=\"clear-fix\"><\/div>\n<p><a href=\"https:\/\/www.lesmaconsdelacreuse.fr\/annuaires\/lettre-l\/l_491\/\" title=\"Lire la suite...\">Lire la suite<\/a><\/p>\n","protected":false},"author":6,"featured_media":0,"comment_status":"closed","ping_status":"closed","sticky":false,"template":"","format":"standard","meta":{"_acf_changed":false,"_exactmetrics_skip_tracking":false,"_exactmetrics_sitenote_active":false,"_exactmetrics_sitenote_note":"","_exactmetrics_sitenote_category":0,"footnotes":""},"categories":[19],"tags":[],"class_list":["post-6158","post","type-post","status-publish","format-standard","hentry","category-lettre-l"],"acf":[],"_links":{"self":[{"href":"https:\/\/www.lesmaconsdelacreuse.fr\/annuaires\/wp-json\/wp\/v2\/posts\/6158","targetHints":{"allow":["GET"]}}],"collection":[{"href":"https:\/\/www.lesmaconsdelacreuse.fr\/annuaires\/wp-json\/wp\/v2\/posts"}],"about":[{"href":"https:\/\/www.lesmaconsdelacreuse.fr\/annuaires\/wp-json\/wp\/v2\/types\/post"}],"author":[{"embeddable":true,"href":"https:\/\/www.lesmaconsdelacreuse.fr\/annuaires\/wp-json\/wp\/v2\/users\/6"}],"replies":[{"embeddable":true,"href":"https:\/\/www.lesmaconsdelacreuse.fr\/annuaires\/wp-json\/wp\/v2\/comments?post=6158"}],"version-history":[{"count":2,"href":"https:\/\/www.lesmaconsdelacreuse.fr\/annuaires\/wp-json\/wp\/v2\/posts\/6158\/revisions"}],"predecessor-version":[{"id":193486,"href":"https:\/\/www.lesmaconsdelacreuse.fr\/annuaires\/wp-json\/wp\/v2\/posts\/6158\/revisions\/193486"}],"wp:attachment":[{"href":"https:\/\/www.lesmaconsdelacreuse.fr\/annuaires\/wp-json\/wp\/v2\/media?parent=6158"}],"wp:term":[{"taxonomy":"category","embeddable":true,"href":"https:\/\/www.lesmaconsdelacreuse.fr\/annuaires\/wp-json\/wp\/v2\/categories?post=6158"},{"taxonomy":"post_tag","embeddable":true,"href":"https:\/\/www.lesmaconsdelacreuse.fr\/annuaires\/wp-json\/wp\/v2\/tags?post=6158"}],"curies":[{"name":"wp","href":"https:\/\/api.w.org\/{rel}","templated":true}]}}