{"id":6162,"date":"2019-07-28T13:42:04","date_gmt":"2019-07-28T11:42:04","guid":{"rendered":"http:\/\/lesmaconsdelacreuse.fr\/annuaire\/?p=6162"},"modified":"2020-10-05T14:49:47","modified_gmt":"2020-10-05T12:49:47","slug":"l_417","status":"publish","type":"post","link":"https:\/\/www.lesmaconsdelacreuse.fr\/annuaires\/lettre-l\/l_417\/","title":{"rendered":"LARBANEIX Jean (d\u00e9c\u00e9d\u00e9 apr\u00e8s 1741)"},"content":{"rendered":"<p class=\"last-updated\"><strong>Mis \u00e0 jour le :<\/strong> 25\/04\/2026<\/p><h2 style=\"text-align: center;\"><strong>Jean LARBANEIX<\/strong><\/h2>\n<p style=\"text-align: center;\"><strong>d\u00e9c\u00e9d\u00e9 apr\u00e8s 1741<\/strong><\/p>\n<p style=\"text-align: center;\"><img decoding=\"async\" title=\"\" src=\"https:\/\/lesmaconsdelacreuse.fr\/annuaire\/wp-content\/uploads\/2019\/07\/image1-1472.jpg\" alt=\"\" data-source-id=\"i.0\" data-asset-id=\"6161\" \/><\/p>\n<h4 style=\"text-align: center;\"><strong><span style=\"color: #008000;\">ma\u00eetre <a href=\"https:\/\/www.lesmaconsdelacreuse.fr\/annuaires\/wp-content\/uploads\/2020\/07\/TAILLEUR-DE-PIERRE.png\">\u25ba <span style=\"color: #008000;\">tailleur de pierre<\/span><\/a><br \/>\n<\/span><\/strong><\/h4>\n<p style=\"text-align: center;\">du village de La Prade,<\/p>\n<p style=\"text-align: center;\">paroisse de Saint-Pierre-le-Bost<\/p>\n<p style=\"text-align: center;\"><span style=\"color: #ffffff;\">\u25d9<\/span><\/p>\n<p>\u25ba<span style=\"color: #ff00ff;\"><a style=\"color: #ff00ff;\" href=\"https:\/\/www.lesmaconsdelacreuse.fr\/annuaires\/\/wp-content\/uploads\/DOCUMENTS\/1741_-_Jean_LARBANEIX_maitre_tailleur_de_pierre.pdf\" target=\"_blank\" rel=\"noopener noreferrer\"><strong>En 1741<\/strong><\/a><\/span><em> , Jean re\u00e7oit 16 livres<\/em> <em>pour la vente et d\u00e9livrance de deux meules destin\u00e9es au moulin de Lhermite, situ\u00e9 dans le village du Soulier, paroisse de Janaillat. <\/em><\/p>\n<p><em>Non identifi\u00e9.<\/em><\/p>\n<p>&nbsp;<\/p>\n","protected":false},"excerpt":{"rendered":"<p>Mis \u00e0 jour le : 25\/04\/2026Jean LARBANEIX d\u00e9c\u00e9d\u00e9 apr\u00e8s 1741 ma\u00eetre \u25ba tailleur de pierre du village de La Prade, paroisse de Saint-Pierre-le-Bost \u25d9 \u25baEn 1741 , Jean re\u00e7oit 16 livres pour la vente et d\u00e9livrance de deux meules destin\u00e9es au moulin de Lhermite, situ\u00e9 dans le village du Soulier, paroisse de Janaillat. Non identifi\u00e9. ..<\/p>\n<div class=\"clear-fix\"><\/div>\n<p><a href=\"https:\/\/www.lesmaconsdelacreuse.fr\/annuaires\/lettre-l\/l_417\/\" title=\"Lire la suite...\">Lire la suite<\/a><\/p>\n","protected":false},"author":6,"featured_media":0,"comment_status":"closed","ping_status":"closed","sticky":false,"template":"","format":"standard","meta":{"_acf_changed":false,"_exactmetrics_skip_tracking":false,"_exactmetrics_sitenote_active":false,"_exactmetrics_sitenote_note":"","_exactmetrics_sitenote_category":0,"footnotes":""},"categories":[19],"tags":[],"class_list":["post-6162","post","type-post","status-publish","format-standard","hentry","category-lettre-l"],"acf":[],"_links":{"self":[{"href":"https:\/\/www.lesmaconsdelacreuse.fr\/annuaires\/wp-json\/wp\/v2\/posts\/6162","targetHints":{"allow":["GET"]}}],"collection":[{"href":"https:\/\/www.lesmaconsdelacreuse.fr\/annuaires\/wp-json\/wp\/v2\/posts"}],"about":[{"href":"https:\/\/www.lesmaconsdelacreuse.fr\/annuaires\/wp-json\/wp\/v2\/types\/post"}],"author":[{"embeddable":true,"href":"https:\/\/www.lesmaconsdelacreuse.fr\/annuaires\/wp-json\/wp\/v2\/users\/6"}],"replies":[{"embeddable":true,"href":"https:\/\/www.lesmaconsdelacreuse.fr\/annuaires\/wp-json\/wp\/v2\/comments?post=6162"}],"version-history":[{"count":0,"href":"https:\/\/www.lesmaconsdelacreuse.fr\/annuaires\/wp-json\/wp\/v2\/posts\/6162\/revisions"}],"wp:attachment":[{"href":"https:\/\/www.lesmaconsdelacreuse.fr\/annuaires\/wp-json\/wp\/v2\/media?parent=6162"}],"wp:term":[{"taxonomy":"category","embeddable":true,"href":"https:\/\/www.lesmaconsdelacreuse.fr\/annuaires\/wp-json\/wp\/v2\/categories?post=6162"},{"taxonomy":"post_tag","embeddable":true,"href":"https:\/\/www.lesmaconsdelacreuse.fr\/annuaires\/wp-json\/wp\/v2\/tags?post=6162"}],"curies":[{"name":"wp","href":"https:\/\/api.w.org\/{rel}","templated":true}]}}