{"id":6180,"date":"2019-07-28T13:42:01","date_gmt":"2019-07-28T11:42:01","guid":{"rendered":"http:\/\/lesmaconsdelacreuse.fr\/annuaire\/?p=6180"},"modified":"2022-06-06T08:08:35","modified_gmt":"2022-06-06T06:08:35","slug":"l_425","status":"publish","type":"post","link":"https:\/\/www.lesmaconsdelacreuse.fr\/annuaires\/lettre-l\/l_425\/","title":{"rendered":"LARBANEIX L\u00e9on Antoine (1873-1915)"},"content":{"rendered":"<p class=\"last-updated\"><strong>Mis \u00e0 jour le :<\/strong> 25\/04\/2026<\/p><h2 style=\"text-align: center;\"><strong>L\u00e9on Antoine LARBANEIX<\/strong><\/h2>\n<p style=\"text-align: center;\"><strong>1873 \u2013 1915<\/strong><\/p>\n<p><a href=\"https:\/\/www.lesmaconsdelacreuse.fr\/annuaires\/wp-content\/uploads\/2019\/07\/LARBANEIX-Leon-Antoine-1873-.jpg\"><img loading=\"lazy\" decoding=\"async\" class=\"size-full wp-image-199958 aligncenter\" src=\"https:\/\/www.lesmaconsdelacreuse.fr\/annuaires\/wp-content\/uploads\/2019\/07\/LARBANEIX-Leon-Antoine-1873-.jpg\" alt=\"\" width=\"250\" height=\"74\" srcset=\"https:\/\/www.lesmaconsdelacreuse.fr\/annuaires\/wp-content\/uploads\/2019\/07\/LARBANEIX-Leon-Antoine-1873-.jpg 250w, https:\/\/www.lesmaconsdelacreuse.fr\/annuaires\/wp-content\/uploads\/2019\/07\/LARBANEIX-Leon-Antoine-1873--16x5.jpg 16w, https:\/\/www.lesmaconsdelacreuse.fr\/annuaires\/wp-content\/uploads\/2019\/07\/LARBANEIX-Leon-Antoine-1873--150x44.jpg 150w\" sizes=\"auto, (max-width: 250px) 100vw, 250px\" \/><\/a><\/p>\n<h4 style=\"text-align: center;\"><span style=\"color: #008000;\"><strong>ma\u00e7on<\/strong><\/span><\/h4>\n<p>&nbsp;<\/p>\n<p style=\"text-align: center;\">n\u00e9 \u00e0 Lyon 3e<\/p>\n<p style=\"text-align: center;\">le 31 ao\u00fbt 1872<\/p>\n<p style=\"text-align: center;\">fils de<\/p>\n<p style=\"text-align: center;\">Jacques LARBANEIX, <span style=\"color: #008000;\"><strong>ma\u00e7on<\/strong><\/span>,\u00a0<em><strong>\u25ba<a href=\"https:\/\/www.lesmaconsdelacreuse.fr\/annuaires\/wp-content\/uploads\/2020\/08\/LOGEUR-LOGEUSE.png\">logeur<\/a><\/strong><\/em> et <span style=\"color: #000000;\">plombier<\/span><\/p>\n<p style=\"text-align: center;\">Marie MESTER, couturi\u00e8re<\/p>\n<p style=\"text-align: center;\"><span style=\"color: #ffffff;\">\u25d9<\/span><\/p>\n<p><strong>En 1893<\/strong><em>, L\u00e9on domicili\u00e9 \u00e0 La Prade, commune de Saint-Pierre-le-Bost, avec ses parents, passe le conseil de r\u00e9vision \u00e0 Lyon, r\u00e9sidant \u00e0 <\/em><span style=\"color: #0000ff;\"><strong>Artemare (01)<\/strong><\/span><em>.<\/em><\/p>\n<p><strong>En 1898<\/strong><em>, il est \u00e0 <\/em><span style=\"color: #0000ff;\"><strong>Paris (75)<\/strong><\/span><em>, 12, rue des Jardins-Saint-Paul;<\/em><\/p>\n<p><strong>en 1900<\/strong><em>, 6, rue du Pot de Fer.<\/em><\/p>\n<p><em>Il \u00e9pouse Marie Genevi\u00e8ve <\/em><strong>COUTURIER<\/strong><em>, couturi\u00e8re, \u00e0 <\/em><span style=\"color: #0000ff;\"><strong>Villejuif (94)<\/strong><\/span><em> le 12 novembre de la m\u00eame ann\u00e9e (mari\u00e9s sans contrat).<\/em><\/p>\n<p><strong>en 1902<\/strong><em>, ils habitent Villejuif,<\/em><em>\u00a0rue de la Marne;<\/em><\/p>\n<p><strong>en 1909<\/strong><em>, 1, rue Dauphin.<\/em><\/p>\n<p><strong>En 1910<\/strong><em>, L\u00e9on est veuf, et habite <\/em><span style=\"color: #0000ff;\"><strong>Ivry (94)<\/strong><\/span><em>, 55, rue Barb\u00e8s\u00a0;<\/em><\/p>\n<p><strong>en 1911<\/strong><em>, 29, route de Choisy.<\/em><\/p>\n<p><em>Il d\u00e9c\u00e8de \u00e0 Paris 16e, 41, rue Boileau, le 4 juin <\/em><strong>1915<\/strong><em>, \u00e2g\u00e9 de 42 ans.<\/em><\/p>\n<p>&nbsp;<\/p>\n","protected":false},"excerpt":{"rendered":"<p>Mis \u00e0 jour le : 25\/04\/2026L\u00e9on Antoine LARBANEIX 1873 \u2013 1915 ma\u00e7on &nbsp; n\u00e9 \u00e0 Lyon 3e le 31 ao\u00fbt 1872 fils de Jacques LARBANEIX, ma\u00e7on,\u00a0\u25balogeur et plombier Marie MESTER, couturi\u00e8re \u25d9 En 1893, L\u00e9on domicili\u00e9 \u00e0 La Prade, commune de Saint-Pierre-le-Bost, avec ses parents, passe le conseil de r\u00e9vision \u00e0 Lyon, r\u00e9sidant \u00e0 Artemare ..<\/p>\n<div class=\"clear-fix\"><\/div>\n<p><a href=\"https:\/\/www.lesmaconsdelacreuse.fr\/annuaires\/lettre-l\/l_425\/\" title=\"Lire la suite...\">Lire la suite<\/a><\/p>\n","protected":false},"author":6,"featured_media":0,"comment_status":"closed","ping_status":"closed","sticky":false,"template":"","format":"standard","meta":{"_acf_changed":false,"_exactmetrics_skip_tracking":false,"_exactmetrics_sitenote_active":false,"_exactmetrics_sitenote_note":"","_exactmetrics_sitenote_category":0,"footnotes":""},"categories":[19],"tags":[],"class_list":["post-6180","post","type-post","status-publish","format-standard","hentry","category-lettre-l"],"acf":[],"_links":{"self":[{"href":"https:\/\/www.lesmaconsdelacreuse.fr\/annuaires\/wp-json\/wp\/v2\/posts\/6180","targetHints":{"allow":["GET"]}}],"collection":[{"href":"https:\/\/www.lesmaconsdelacreuse.fr\/annuaires\/wp-json\/wp\/v2\/posts"}],"about":[{"href":"https:\/\/www.lesmaconsdelacreuse.fr\/annuaires\/wp-json\/wp\/v2\/types\/post"}],"author":[{"embeddable":true,"href":"https:\/\/www.lesmaconsdelacreuse.fr\/annuaires\/wp-json\/wp\/v2\/users\/6"}],"replies":[{"embeddable":true,"href":"https:\/\/www.lesmaconsdelacreuse.fr\/annuaires\/wp-json\/wp\/v2\/comments?post=6180"}],"version-history":[{"count":3,"href":"https:\/\/www.lesmaconsdelacreuse.fr\/annuaires\/wp-json\/wp\/v2\/posts\/6180\/revisions"}],"predecessor-version":[{"id":199959,"href":"https:\/\/www.lesmaconsdelacreuse.fr\/annuaires\/wp-json\/wp\/v2\/posts\/6180\/revisions\/199959"}],"wp:attachment":[{"href":"https:\/\/www.lesmaconsdelacreuse.fr\/annuaires\/wp-json\/wp\/v2\/media?parent=6180"}],"wp:term":[{"taxonomy":"category","embeddable":true,"href":"https:\/\/www.lesmaconsdelacreuse.fr\/annuaires\/wp-json\/wp\/v2\/categories?post=6180"},{"taxonomy":"post_tag","embeddable":true,"href":"https:\/\/www.lesmaconsdelacreuse.fr\/annuaires\/wp-json\/wp\/v2\/tags?post=6180"}],"curies":[{"name":"wp","href":"https:\/\/api.w.org\/{rel}","templated":true}]}}