{"id":6185,"date":"2019-07-28T13:42:00","date_gmt":"2019-07-28T11:42:00","guid":{"rendered":"http:\/\/lesmaconsdelacreuse.fr\/annuaire\/?p=6185"},"modified":"2022-04-08T12:40:54","modified_gmt":"2022-04-08T10:40:54","slug":"l_429","status":"publish","type":"post","link":"https:\/\/www.lesmaconsdelacreuse.fr\/annuaires\/lettre-l\/l_429\/","title":{"rendered":"LARBANEIX L\u00e9onard (1822-1906)"},"content":{"rendered":"<p class=\"last-updated\"><strong>Mis \u00e0 jour le :<\/strong> 25\/04\/2026<\/p><h2 style=\"text-align: center;\"><strong>L\u00e9onard LARBANEIX<\/strong><\/h2>\n<p style=\"text-align: center;\"><strong>1822 \u2013 1906<\/strong><\/p>\n<p style=\"text-align: center;\"><img loading=\"lazy\" decoding=\"async\" class=\"\" title=\"\" src=\"https:\/\/lesmaconsdelacreuse.fr\/annuaire\/wp-content\/uploads\/2019\/07\/image1-1481.jpg\" alt=\"\" width=\"305\" height=\"130\" data-source-id=\"i.0\" data-asset-id=\"6184\" \/><\/p>\n<h4 style=\"text-align: center;\"><span style=\"color: #008000;\"><strong>ma\u00e7on <\/strong>et <strong>propri\u00e9taire cultivateur<\/strong><\/span><\/h4>\n<p style=\"text-align: center;\">n\u00e9 \u00e0 La Villatte (Saint-Pierre-le-Bost)<\/p>\n<p style=\"text-align: center;\">le 21 avril 1822<\/p>\n<p style=\"text-align: center;\">fils de<\/p>\n<p style=\"text-align: center;\">L\u00e9onard LARBANEIX \/ L\u00e9onarde LEGROS<\/p>\n<p style=\"text-align: center;\">propri\u00e9taires cultivateurs<\/p>\n<p style=\"text-align: center;\"><span style=\"color: #ffffff;\">\u25d9<\/span><\/p>\n<p><em>L\u00e9onard \u00e9pouse Marguerite <\/em><strong>SAUVANAUD <\/strong><em>le 19 f\u00e9vrier <\/em><strong>1850<\/strong><em> au Monteil-au-Vicomte\u00a0 (contrat Lepetit). Le couple vit \u00e0 Larfouill\u00e8re. <\/em><\/p>\n<p><strong>En 1864, 1870<\/strong><em> , L\u00e9onard travaille \u00e0 <\/em><span style=\"color: #0000ff;\"><strong>Paris (75)<\/strong><\/span><em>.<\/em><\/p>\n<p><em>Marguerite d\u00e9c\u00e8de \u00e0 Larfouill\u00e8re le 15 novembre <\/em><strong>1881<\/strong><em>, \u00e2g\u00e9e de 51 ans. <\/em><\/p>\n<p><strong>En 1888<\/strong><em>, L\u00e9onard, toujours \u00e0 Paris, habite 26, rue de Bi\u00e8vre;<\/em><\/p>\n<p><em>Il d\u00e9c\u00e8de \u00e0 cette adresse le 10 mars <\/em><strong>1906<\/strong><em>, \u00e2g\u00e9 de 83 ans.<\/em><\/p>\n<p><em>\u00a0<\/em><\/p>\n","protected":false},"excerpt":{"rendered":"<p>Mis \u00e0 jour le : 25\/04\/2026L\u00e9onard LARBANEIX 1822 \u2013 1906 ma\u00e7on et propri\u00e9taire cultivateur n\u00e9 \u00e0 La Villatte (Saint-Pierre-le-Bost) le 21 avril 1822 fils de L\u00e9onard LARBANEIX \/ L\u00e9onarde LEGROS propri\u00e9taires cultivateurs \u25d9 L\u00e9onard \u00e9pouse Marguerite SAUVANAUD le 19 f\u00e9vrier 1850 au Monteil-au-Vicomte\u00a0 (contrat Lepetit). Le couple vit \u00e0 Larfouill\u00e8re. En 1864, 1870 , L\u00e9onard ..<\/p>\n<div class=\"clear-fix\"><\/div>\n<p><a href=\"https:\/\/www.lesmaconsdelacreuse.fr\/annuaires\/lettre-l\/l_429\/\" title=\"Lire la suite...\">Lire la suite<\/a><\/p>\n","protected":false},"author":6,"featured_media":0,"comment_status":"closed","ping_status":"closed","sticky":false,"template":"","format":"standard","meta":{"_acf_changed":false,"_exactmetrics_skip_tracking":false,"_exactmetrics_sitenote_active":false,"_exactmetrics_sitenote_note":"","_exactmetrics_sitenote_category":0,"footnotes":""},"categories":[19],"tags":[],"class_list":["post-6185","post","type-post","status-publish","format-standard","hentry","category-lettre-l"],"acf":[],"_links":{"self":[{"href":"https:\/\/www.lesmaconsdelacreuse.fr\/annuaires\/wp-json\/wp\/v2\/posts\/6185","targetHints":{"allow":["GET"]}}],"collection":[{"href":"https:\/\/www.lesmaconsdelacreuse.fr\/annuaires\/wp-json\/wp\/v2\/posts"}],"about":[{"href":"https:\/\/www.lesmaconsdelacreuse.fr\/annuaires\/wp-json\/wp\/v2\/types\/post"}],"author":[{"embeddable":true,"href":"https:\/\/www.lesmaconsdelacreuse.fr\/annuaires\/wp-json\/wp\/v2\/users\/6"}],"replies":[{"embeddable":true,"href":"https:\/\/www.lesmaconsdelacreuse.fr\/annuaires\/wp-json\/wp\/v2\/comments?post=6185"}],"version-history":[{"count":2,"href":"https:\/\/www.lesmaconsdelacreuse.fr\/annuaires\/wp-json\/wp\/v2\/posts\/6185\/revisions"}],"predecessor-version":[{"id":197291,"href":"https:\/\/www.lesmaconsdelacreuse.fr\/annuaires\/wp-json\/wp\/v2\/posts\/6185\/revisions\/197291"}],"wp:attachment":[{"href":"https:\/\/www.lesmaconsdelacreuse.fr\/annuaires\/wp-json\/wp\/v2\/media?parent=6185"}],"wp:term":[{"taxonomy":"category","embeddable":true,"href":"https:\/\/www.lesmaconsdelacreuse.fr\/annuaires\/wp-json\/wp\/v2\/categories?post=6185"},{"taxonomy":"post_tag","embeddable":true,"href":"https:\/\/www.lesmaconsdelacreuse.fr\/annuaires\/wp-json\/wp\/v2\/tags?post=6185"}],"curies":[{"name":"wp","href":"https:\/\/api.w.org\/{rel}","templated":true}]}}