{"id":6186,"date":"2019-07-28T13:42:00","date_gmt":"2019-07-28T11:42:00","guid":{"rendered":"http:\/\/lesmaconsdelacreuse.fr\/annuaire\/?p=6186"},"modified":"2022-06-08T17:24:40","modified_gmt":"2022-06-08T15:24:40","slug":"l_499","status":"publish","type":"post","link":"https:\/\/www.lesmaconsdelacreuse.fr\/annuaires\/lettre-l\/l_499\/","title":{"rendered":"LASCAUX Annet Jean (1847-apr\u00e8s 1878)"},"content":{"rendered":"<p class=\"last-updated\"><strong>Mis \u00e0 jour le :<\/strong> 25\/04\/2026<\/p><h2 style=\"text-align: center;\"><strong>Annet Jean LASCAUX<\/strong><\/h2>\n<p style=\"text-align: center;\"><strong>1847 \u2013 apr\u00e8s 1878<\/strong><\/p>\n<p><a href=\"https:\/\/www.lesmaconsdelacreuse.fr\/annuaires\/wp-content\/uploads\/2020\/07\/ne-sait-pas-signer.jpg\"><img loading=\"lazy\" decoding=\"async\" class=\"size-full wp-image-174596 aligncenter\" src=\"https:\/\/www.lesmaconsdelacreuse.fr\/annuaires\/wp-content\/uploads\/2020\/07\/ne-sait-pas-signer.jpg\" alt=\"\" width=\"156\" height=\"31\" srcset=\"https:\/\/www.lesmaconsdelacreuse.fr\/annuaires\/wp-content\/uploads\/2020\/07\/ne-sait-pas-signer.jpg 156w, https:\/\/www.lesmaconsdelacreuse.fr\/annuaires\/wp-content\/uploads\/2020\/07\/ne-sait-pas-signer-150x30.jpg 150w\" sizes=\"auto, (max-width: 156px) 100vw, 156px\" \/><\/a><\/p>\n<h4 style=\"text-align: center;\"><span style=\"color: #008000;\"><strong>ma\u00e7on<\/strong> et <strong>peintre en b\u00e2timents<\/strong><\/span><\/h4>\n<p style=\"text-align: center;\">n\u00e9 \u00e0 Saint-Quentin-la-Chabanne<\/p>\n<p style=\"text-align: center;\">le 17 juin 1847<\/p>\n<p style=\"text-align: center;\">fils de<\/p>\n<p style=\"text-align: center;\">L\u00e9onard LASCAUX et Anne GENET<\/p>\n<p style=\"text-align: center;\">cultivateurs<\/p>\n<p style=\"text-align: center;\"><span style=\"color: #ffffff;\">\u25d9<\/span><\/p>\n<p><strong>En 1874<\/strong><em>, Annet habite La Charrasse Basse, commune de Saint-Quentin.<\/em><\/p>\n<p><em>Il \u00e9pouse Marie Jos\u00e9phine <\/em><strong>BOURDEAU<\/strong><em>, veuve de Mathieu COUDERT, le 30 mai de la m\u00eame ann\u00e9e, \u00e0 Saint-Quentin (contrat Dayras \u00e0 Felletin).<\/em><\/p>\n<p><em> Ils vivent d\u2019abord au bourg de Morterolles, lieu de naissance de l&rsquo;\u00e9pouse.<\/em><\/p>\n<p><strong>En 1878<\/strong><em>, ils habitent <\/em><span style=\"color: #ff6600;\"><strong>Gen\u00e8ve (SUISSE)<\/strong><\/span><em>, 20, rue de Lausanne.<\/em><\/p>\n","protected":false},"excerpt":{"rendered":"<p>Mis \u00e0 jour le : 25\/04\/2026Annet Jean LASCAUX 1847 \u2013 apr\u00e8s 1878 ma\u00e7on et peintre en b\u00e2timents n\u00e9 \u00e0 Saint-Quentin-la-Chabanne le 17 juin 1847 fils de L\u00e9onard LASCAUX et Anne GENET cultivateurs \u25d9 En 1874, Annet habite La Charrasse Basse, commune de Saint-Quentin. Il \u00e9pouse Marie Jos\u00e9phine BOURDEAU, veuve de Mathieu COUDERT, le 30 mai ..<\/p>\n<div class=\"clear-fix\"><\/div>\n<p><a href=\"https:\/\/www.lesmaconsdelacreuse.fr\/annuaires\/lettre-l\/l_499\/\" title=\"Lire la suite...\">Lire la suite<\/a><\/p>\n","protected":false},"author":6,"featured_media":0,"comment_status":"closed","ping_status":"closed","sticky":false,"template":"","format":"standard","meta":{"_acf_changed":false,"_exactmetrics_skip_tracking":false,"_exactmetrics_sitenote_active":false,"_exactmetrics_sitenote_note":"","_exactmetrics_sitenote_category":0,"footnotes":""},"categories":[19],"tags":[],"class_list":["post-6186","post","type-post","status-publish","format-standard","hentry","category-lettre-l"],"acf":[],"_links":{"self":[{"href":"https:\/\/www.lesmaconsdelacreuse.fr\/annuaires\/wp-json\/wp\/v2\/posts\/6186","targetHints":{"allow":["GET"]}}],"collection":[{"href":"https:\/\/www.lesmaconsdelacreuse.fr\/annuaires\/wp-json\/wp\/v2\/posts"}],"about":[{"href":"https:\/\/www.lesmaconsdelacreuse.fr\/annuaires\/wp-json\/wp\/v2\/types\/post"}],"author":[{"embeddable":true,"href":"https:\/\/www.lesmaconsdelacreuse.fr\/annuaires\/wp-json\/wp\/v2\/users\/6"}],"replies":[{"embeddable":true,"href":"https:\/\/www.lesmaconsdelacreuse.fr\/annuaires\/wp-json\/wp\/v2\/comments?post=6186"}],"version-history":[{"count":4,"href":"https:\/\/www.lesmaconsdelacreuse.fr\/annuaires\/wp-json\/wp\/v2\/posts\/6186\/revisions"}],"predecessor-version":[{"id":200328,"href":"https:\/\/www.lesmaconsdelacreuse.fr\/annuaires\/wp-json\/wp\/v2\/posts\/6186\/revisions\/200328"}],"wp:attachment":[{"href":"https:\/\/www.lesmaconsdelacreuse.fr\/annuaires\/wp-json\/wp\/v2\/media?parent=6186"}],"wp:term":[{"taxonomy":"category","embeddable":true,"href":"https:\/\/www.lesmaconsdelacreuse.fr\/annuaires\/wp-json\/wp\/v2\/categories?post=6186"},{"taxonomy":"post_tag","embeddable":true,"href":"https:\/\/www.lesmaconsdelacreuse.fr\/annuaires\/wp-json\/wp\/v2\/tags?post=6186"}],"curies":[{"name":"wp","href":"https:\/\/api.w.org\/{rel}","templated":true}]}}