{"id":6192,"date":"2019-07-28T13:41:59","date_gmt":"2019-07-28T11:41:59","guid":{"rendered":"http:\/\/lesmaconsdelacreuse.fr\/annuaire\/?p=6192"},"modified":"2022-06-06T08:09:37","modified_gmt":"2022-06-06T06:09:37","slug":"l_446","status":"publish","type":"post","link":"https:\/\/www.lesmaconsdelacreuse.fr\/annuaires\/lettre-l\/l_446\/","title":{"rendered":"LARBANEIX Pierre Victor (1848-1897)"},"content":{"rendered":"<p class=\"last-updated\"><strong>Mis \u00e0 jour le :<\/strong> 25\/04\/2026<\/p><h2 style=\"text-align: center;\"><strong>Pierre Victor LARBANEIX<\/strong><\/h2>\n<p style=\"text-align: center;\"><strong>1848 \u2013 1897<\/strong><\/p>\n<p><a href=\"https:\/\/www.lesmaconsdelacreuse.fr\/annuaires\/wp-content\/uploads\/2019\/07\/LARBANEIX-Pierre-Victor.jpg\"><img loading=\"lazy\" decoding=\"async\" class=\"size-medium wp-image-199960 aligncenter\" src=\"https:\/\/www.lesmaconsdelacreuse.fr\/annuaires\/wp-content\/uploads\/2019\/07\/LARBANEIX-Pierre-Victor-300x53.jpg\" alt=\"\" width=\"300\" height=\"53\" srcset=\"https:\/\/www.lesmaconsdelacreuse.fr\/annuaires\/wp-content\/uploads\/2019\/07\/LARBANEIX-Pierre-Victor-300x53.jpg 300w, https:\/\/www.lesmaconsdelacreuse.fr\/annuaires\/wp-content\/uploads\/2019\/07\/LARBANEIX-Pierre-Victor-16x3.jpg 16w, https:\/\/www.lesmaconsdelacreuse.fr\/annuaires\/wp-content\/uploads\/2019\/07\/LARBANEIX-Pierre-Victor-150x27.jpg 150w, https:\/\/www.lesmaconsdelacreuse.fr\/annuaires\/wp-content\/uploads\/2019\/07\/LARBANEIX-Pierre-Victor.jpg 309w\" sizes=\"auto, (max-width: 300px) 100vw, 300px\" \/><\/a><\/p>\n<h4 style=\"text-align: center;\"><span style=\"color: #008000;\"><strong>ma\u00e7on<\/strong><\/span><\/h4>\n<p style=\"text-align: center;\">n\u00e9 \u00e0 La Villatte (Saint-Pierre-le-Bost)<\/p>\n<p style=\"text-align: center;\">le 30 d\u00e9cembre 1848<\/p>\n<p style=\"text-align: center;\">fils de<\/p>\n<p style=\"text-align: center;\">Pierre LARBANEIX, <span style=\"color: #008000;\"><strong>ma\u00e7on<\/strong><\/span><\/p>\n<p style=\"text-align: center;\">Anne TERNAT, cultivatrice<\/p>\n<p style=\"text-align: center;\"><span style=\"color: #ffffff;\">\u25d9<\/span><\/p>\n<p><strong>En 1869<\/strong><em>, Pierre travaille dans la <\/em><span style=\"color: #0000ff;\"><strong>Seine (75)<\/strong><\/span><em> et y passe le conseil de r\u00e9vision. <\/em><\/p>\n<p><em>Il est exempt\u00e9 de service militaire comme fils unique de veuve.<\/em><\/p>\n<p><em>Il \u00e9pouse Marie Clarisse C\u00e9lestine <\/em><strong>SAVIGNAT<\/strong><em> le 7 mars <\/em>1874<em> \u00e0 Saint-Michel-de-Veisse (contrat Vallade \u00e0 Ars).<\/em><\/p>\n<p><em>\u00a0<\/em><em>Ils habitent le village de Chasselines, m\u00eame commune.<\/em><\/p>\n<p><em>\u00a0<\/em><em>Pierre Victor y d\u00e9c\u00e8de le 18 f\u00e9vrier <\/em><strong>1897,<\/strong><em> \u00e2g\u00e9 de 48 ans.<\/em><\/p>\n","protected":false},"excerpt":{"rendered":"<p>Mis \u00e0 jour le : 25\/04\/2026Pierre Victor LARBANEIX 1848 \u2013 1897 ma\u00e7on n\u00e9 \u00e0 La Villatte (Saint-Pierre-le-Bost) le 30 d\u00e9cembre 1848 fils de Pierre LARBANEIX, ma\u00e7on Anne TERNAT, cultivatrice \u25d9 En 1869, Pierre travaille dans la Seine (75) et y passe le conseil de r\u00e9vision. Il est exempt\u00e9 de service militaire comme fils unique de ..<\/p>\n<div class=\"clear-fix\"><\/div>\n<p><a href=\"https:\/\/www.lesmaconsdelacreuse.fr\/annuaires\/lettre-l\/l_446\/\" title=\"Lire la suite...\">Lire la suite<\/a><\/p>\n","protected":false},"author":6,"featured_media":0,"comment_status":"closed","ping_status":"closed","sticky":false,"template":"","format":"standard","meta":{"_acf_changed":false,"_exactmetrics_skip_tracking":false,"_exactmetrics_sitenote_active":false,"_exactmetrics_sitenote_note":"","_exactmetrics_sitenote_category":0,"footnotes":""},"categories":[19],"tags":[],"class_list":["post-6192","post","type-post","status-publish","format-standard","hentry","category-lettre-l"],"acf":[],"_links":{"self":[{"href":"https:\/\/www.lesmaconsdelacreuse.fr\/annuaires\/wp-json\/wp\/v2\/posts\/6192","targetHints":{"allow":["GET"]}}],"collection":[{"href":"https:\/\/www.lesmaconsdelacreuse.fr\/annuaires\/wp-json\/wp\/v2\/posts"}],"about":[{"href":"https:\/\/www.lesmaconsdelacreuse.fr\/annuaires\/wp-json\/wp\/v2\/types\/post"}],"author":[{"embeddable":true,"href":"https:\/\/www.lesmaconsdelacreuse.fr\/annuaires\/wp-json\/wp\/v2\/users\/6"}],"replies":[{"embeddable":true,"href":"https:\/\/www.lesmaconsdelacreuse.fr\/annuaires\/wp-json\/wp\/v2\/comments?post=6192"}],"version-history":[{"count":3,"href":"https:\/\/www.lesmaconsdelacreuse.fr\/annuaires\/wp-json\/wp\/v2\/posts\/6192\/revisions"}],"predecessor-version":[{"id":199961,"href":"https:\/\/www.lesmaconsdelacreuse.fr\/annuaires\/wp-json\/wp\/v2\/posts\/6192\/revisions\/199961"}],"wp:attachment":[{"href":"https:\/\/www.lesmaconsdelacreuse.fr\/annuaires\/wp-json\/wp\/v2\/media?parent=6192"}],"wp:term":[{"taxonomy":"category","embeddable":true,"href":"https:\/\/www.lesmaconsdelacreuse.fr\/annuaires\/wp-json\/wp\/v2\/categories?post=6192"},{"taxonomy":"post_tag","embeddable":true,"href":"https:\/\/www.lesmaconsdelacreuse.fr\/annuaires\/wp-json\/wp\/v2\/tags?post=6192"}],"curies":[{"name":"wp","href":"https:\/\/api.w.org\/{rel}","templated":true}]}}