{"id":6200,"date":"2019-07-28T13:41:58","date_gmt":"2019-07-28T11:41:58","guid":{"rendered":"http:\/\/lesmaconsdelacreuse.fr\/annuaire\/?p=6200"},"modified":"2020-09-06T13:27:23","modified_gmt":"2020-09-06T11:27:23","slug":"l_500","status":"publish","type":"post","link":"https:\/\/www.lesmaconsdelacreuse.fr\/annuaires\/lettre-l\/l_500\/","title":{"rendered":"LASC\u00c8NE Charles (1889-1937)"},"content":{"rendered":"<p class=\"last-updated\"><strong>Mis \u00e0 jour le :<\/strong> 25\/04\/2026<\/p><h2 style=\"text-align: center;\"><strong>Charles LASC\u00c8NE<\/strong><\/h2>\n<p style=\"text-align: center;\"><strong>Charles LACENNE<\/strong><\/p>\n<p style=\"text-align: center;\"><strong>1889 \u2013 1937<\/strong><\/p>\n<p style=\"text-align: center;\"><a href=\"https:\/\/www.lesmaconsdelacreuse.fr\/annuaires\/wp-content\/uploads\/2019\/07\/lascene.jpg\"><img loading=\"lazy\" decoding=\"async\" class=\"alignnone size-medium wp-image-178178\" src=\"https:\/\/www.lesmaconsdelacreuse.fr\/annuaires\/wp-content\/uploads\/2019\/07\/lascene-300x55.jpg\" alt=\"\" width=\"300\" height=\"55\" srcset=\"https:\/\/www.lesmaconsdelacreuse.fr\/annuaires\/wp-content\/uploads\/2019\/07\/lascene-300x55.jpg 300w, https:\/\/www.lesmaconsdelacreuse.fr\/annuaires\/wp-content\/uploads\/2019\/07\/lascene-150x27.jpg 150w, https:\/\/www.lesmaconsdelacreuse.fr\/annuaires\/wp-content\/uploads\/2019\/07\/lascene.jpg 350w\" sizes=\"auto, (max-width: 300px) 100vw, 300px\" \/><\/a><\/p>\n<p>&nbsp;<\/p>\n<p style=\"text-align: center;\">\n<h4 style=\"text-align: center;\"><span style=\"color: #008000;\"><strong>ma\u00e7on <\/strong>et<strong> cultivateur<\/strong><\/span><\/h4>\n<p style=\"text-align: center;\">n\u00e9 au bourg de Cheissoux (87)<\/p>\n<p style=\"text-align: center;\">le 7 f\u00e9vrier 1889<\/p>\n<p style=\"text-align: center;\">fils de<\/p>\n<p style=\"text-align: center;\">Georges LASC\u00c8NE,<span style=\"color: #008000;\"> <strong>ma\u00e7on<\/strong><\/span><\/p>\n<p style=\"text-align: center;\">Jeanne PEYRATOUX, cultivatrice<\/p>\n<p style=\"text-align: center;\"><span style=\"color: #ffffff;\">\u25d9<\/span><\/p>\n<p><strong>En 1909<\/strong><em>, Charles habite Saint-Martin-Ch\u00e2teau avec ses parents. <\/em><\/p>\n<p><em>Il \u00e9pouse Adeline <\/em><strong>RUBY<\/strong><em> le 15 f\u00e9vrier <\/em><strong>1913<\/strong><em> \u00e0 Roy\u00e8re (mari\u00e9s sans contrat). Ils habitent Langladure, m\u00eame commune.<\/em><\/p>\n<p><strong>D\u00e9but 1914<\/strong><em>, Charles travaille \u00e0 <\/em><span style=\"color: #0000ff;\"><strong>Lyon (69)<\/strong><\/span><em>, et loge 21, rue des Foss\u00e9s de Trion. <\/em><\/p>\n<p><em>Apr\u00e8s la guerre, les \u00e9poux habitent\u00a0:<\/em><\/p>\n<p><strong>de 1919 \u00e0 1921<\/strong><em>, 40, rue des Macchab\u00e9es\u00a0;<\/em><\/p>\n<p><strong>en 1923<\/strong><em>, rue Saint-Fiacre\u00a0;<\/em><\/p>\n<p><strong>en 1932<\/strong><em>, chemin Barth\u00e9l\u00e9my Buyer dans le 5e\u00a0arrondissement\u00a0;<\/em><\/p>\n<p><strong>en 1937<\/strong><em>, 3, rue des Farges, m\u00eame arrondissement.<\/em><\/p>\n<p><em> Il d\u00e9c\u00e8de \u00e0 cette adresse le 22 mai de la m\u00eame ann\u00e9e, \u00e2g\u00e9 de 48 ans.<\/em><\/p>\n<p><em>Sa veuve se remarie en 1948 \u00e0 Lyon avec Lucien JOLLY, et d\u00e9c\u00e8de \u00e0 Lyon 5e le 17 d\u00e9cembre 1961, \u00e2g\u00e9e de 66 ans.<\/em><\/p>\n<p>&nbsp;<\/p>\n","protected":false},"excerpt":{"rendered":"<p>Mis \u00e0 jour le : 25\/04\/2026Charles LASC\u00c8NE Charles LACENNE 1889 \u2013 1937 &nbsp; ma\u00e7on et cultivateur n\u00e9 au bourg de Cheissoux (87) le 7 f\u00e9vrier 1889 fils de Georges LASC\u00c8NE, ma\u00e7on Jeanne PEYRATOUX, cultivatrice \u25d9 En 1909, Charles habite Saint-Martin-Ch\u00e2teau avec ses parents. Il \u00e9pouse Adeline RUBY le 15 f\u00e9vrier 1913 \u00e0 Roy\u00e8re (mari\u00e9s sans ..<\/p>\n<div class=\"clear-fix\"><\/div>\n<p><a href=\"https:\/\/www.lesmaconsdelacreuse.fr\/annuaires\/lettre-l\/l_500\/\" title=\"Lire la suite...\">Lire la suite<\/a><\/p>\n","protected":false},"author":6,"featured_media":0,"comment_status":"closed","ping_status":"closed","sticky":false,"template":"","format":"standard","meta":{"_acf_changed":false,"_exactmetrics_skip_tracking":false,"_exactmetrics_sitenote_active":false,"_exactmetrics_sitenote_note":"","_exactmetrics_sitenote_category":0,"footnotes":""},"categories":[19],"tags":[],"class_list":["post-6200","post","type-post","status-publish","format-standard","hentry","category-lettre-l"],"acf":[],"_links":{"self":[{"href":"https:\/\/www.lesmaconsdelacreuse.fr\/annuaires\/wp-json\/wp\/v2\/posts\/6200","targetHints":{"allow":["GET"]}}],"collection":[{"href":"https:\/\/www.lesmaconsdelacreuse.fr\/annuaires\/wp-json\/wp\/v2\/posts"}],"about":[{"href":"https:\/\/www.lesmaconsdelacreuse.fr\/annuaires\/wp-json\/wp\/v2\/types\/post"}],"author":[{"embeddable":true,"href":"https:\/\/www.lesmaconsdelacreuse.fr\/annuaires\/wp-json\/wp\/v2\/users\/6"}],"replies":[{"embeddable":true,"href":"https:\/\/www.lesmaconsdelacreuse.fr\/annuaires\/wp-json\/wp\/v2\/comments?post=6200"}],"version-history":[{"count":0,"href":"https:\/\/www.lesmaconsdelacreuse.fr\/annuaires\/wp-json\/wp\/v2\/posts\/6200\/revisions"}],"wp:attachment":[{"href":"https:\/\/www.lesmaconsdelacreuse.fr\/annuaires\/wp-json\/wp\/v2\/media?parent=6200"}],"wp:term":[{"taxonomy":"category","embeddable":true,"href":"https:\/\/www.lesmaconsdelacreuse.fr\/annuaires\/wp-json\/wp\/v2\/categories?post=6200"},{"taxonomy":"post_tag","embeddable":true,"href":"https:\/\/www.lesmaconsdelacreuse.fr\/annuaires\/wp-json\/wp\/v2\/tags?post=6200"}],"curies":[{"name":"wp","href":"https:\/\/api.w.org\/{rel}","templated":true}]}}