{"id":6209,"date":"2019-07-28T13:41:57","date_gmt":"2019-07-28T11:41:57","guid":{"rendered":"http:\/\/lesmaconsdelacreuse.fr\/annuaire\/?p=6209"},"modified":"2020-01-20T11:26:55","modified_gmt":"2020-01-20T10:26:55","slug":"l_406","status":"publish","type":"post","link":"https:\/\/www.lesmaconsdelacreuse.fr\/annuaires\/lettre-l\/l_406\/","title":{"rendered":"LARBANEIX Auguste Lucien (1878-1954)"},"content":{"rendered":"<p class=\"last-updated\"><strong>Mis \u00e0 jour le :<\/strong> 25\/04\/2026<\/p><h2 style=\"text-align: center;\"><strong>Auguste Lucien LARBANEIX<\/strong><\/h2>\n<p style=\"text-align: center;\"><strong>Auguste LARBANEIX &#8211; Lucien LARBANEIX<\/strong><\/p>\n<p style=\"text-align: center;\"><strong>1878 \u2013 1954<\/strong><\/p>\n<p style=\"text-align: center;\"><img loading=\"lazy\" decoding=\"async\" class=\"\" title=\"\" src=\"https:\/\/lesmaconsdelacreuse.fr\/annuaire\/wp-content\/uploads\/2019\/07\/image1-1486.jpg\" alt=\"\" width=\"409\" height=\"60\" data-source-id=\"i.0\" data-asset-id=\"6204\" \/><\/p>\n<h4 style=\"text-align: center;\"><span style=\"color: #008000;\"><strong>ma\u00e7on <\/strong>et <strong>propri\u00e9taire cultivateur<\/strong><\/span><\/h4>\n<p style=\"text-align: center;\">n\u00e9 \u00e0 Paris 5e<\/p>\n<p style=\"text-align: center;\">le 6 d\u00e9cembre 1878<\/p>\n<p style=\"text-align: center;\">fils de<\/p>\n<p style=\"text-align: center;\">L\u00e9onard LARBANEIX, <span style=\"color: #008000;\"><strong>ma\u00e7on <\/strong><\/span><strong>\/ <\/strong>Marie LEGROS<\/p>\n<p style=\"text-align: center;\">propri\u00e9taires cultivateurs<\/p>\n<p style=\"text-align: center;\"><span style=\"color: #ffffff;\">\u25d9<\/span><\/p>\n<p><em>Lucien habite Saint-Pierre-le-Bost avec ses parents.<\/em><\/p>\n<p><strong>En 1899<\/strong><em>, il travaille dans la <\/em><span style=\"color: #0000ff;\"><strong>Seine (75)<\/strong><\/span><em> et y passe le conseil de r\u00e9vision.<\/em><\/p>\n<p><em> Il \u00e9pouse Philom\u00e8ne Eug\u00e9nie <\/em><strong>DEMARGNE<\/strong><em> le 25 f\u00e9vrier <\/em><strong>1904<\/strong><em> \u00e0 Soubrebost. Ils habitent Grandjanon, commune de Saint-Pierre-Bellevue.<\/em><\/p>\n<p><em>Ils y d\u00e9c\u00e8dent, \u00e2g\u00e9s tous deux de 75 ans\u00a0:<\/em><\/p>\n<ul>\n<li><em>Lucien, le 30 mai <\/em><strong>1954<\/strong><\/li>\n<li><em>Philom\u00e8ne, le 30 d\u00e9cembre <\/em><strong>1959<\/strong><\/li>\n<\/ul>\n<p style=\"text-align: center;\"><span style=\"color: #ffffff;\">\u25d9<\/span><\/p>\n","protected":false},"excerpt":{"rendered":"<p>Mis \u00e0 jour le : 25\/04\/2026Auguste Lucien LARBANEIX Auguste LARBANEIX &#8211; Lucien LARBANEIX 1878 \u2013 1954 ma\u00e7on et propri\u00e9taire cultivateur n\u00e9 \u00e0 Paris 5e le 6 d\u00e9cembre 1878 fils de L\u00e9onard LARBANEIX, ma\u00e7on \/ Marie LEGROS propri\u00e9taires cultivateurs \u25d9 Lucien habite Saint-Pierre-le-Bost avec ses parents. En 1899, il travaille dans la Seine (75) et y ..<\/p>\n<div class=\"clear-fix\"><\/div>\n<p><a href=\"https:\/\/www.lesmaconsdelacreuse.fr\/annuaires\/lettre-l\/l_406\/\" title=\"Lire la suite...\">Lire la suite<\/a><\/p>\n","protected":false},"author":6,"featured_media":0,"comment_status":"closed","ping_status":"closed","sticky":false,"template":"","format":"standard","meta":{"_acf_changed":false,"_exactmetrics_skip_tracking":false,"_exactmetrics_sitenote_active":false,"_exactmetrics_sitenote_note":"","_exactmetrics_sitenote_category":0,"footnotes":""},"categories":[19],"tags":[],"class_list":["post-6209","post","type-post","status-publish","format-standard","hentry","category-lettre-l"],"acf":[],"_links":{"self":[{"href":"https:\/\/www.lesmaconsdelacreuse.fr\/annuaires\/wp-json\/wp\/v2\/posts\/6209","targetHints":{"allow":["GET"]}}],"collection":[{"href":"https:\/\/www.lesmaconsdelacreuse.fr\/annuaires\/wp-json\/wp\/v2\/posts"}],"about":[{"href":"https:\/\/www.lesmaconsdelacreuse.fr\/annuaires\/wp-json\/wp\/v2\/types\/post"}],"author":[{"embeddable":true,"href":"https:\/\/www.lesmaconsdelacreuse.fr\/annuaires\/wp-json\/wp\/v2\/users\/6"}],"replies":[{"embeddable":true,"href":"https:\/\/www.lesmaconsdelacreuse.fr\/annuaires\/wp-json\/wp\/v2\/comments?post=6209"}],"version-history":[{"count":0,"href":"https:\/\/www.lesmaconsdelacreuse.fr\/annuaires\/wp-json\/wp\/v2\/posts\/6209\/revisions"}],"wp:attachment":[{"href":"https:\/\/www.lesmaconsdelacreuse.fr\/annuaires\/wp-json\/wp\/v2\/media?parent=6209"}],"wp:term":[{"taxonomy":"category","embeddable":true,"href":"https:\/\/www.lesmaconsdelacreuse.fr\/annuaires\/wp-json\/wp\/v2\/categories?post=6209"},{"taxonomy":"post_tag","embeddable":true,"href":"https:\/\/www.lesmaconsdelacreuse.fr\/annuaires\/wp-json\/wp\/v2\/tags?post=6209"}],"curies":[{"name":"wp","href":"https:\/\/api.w.org\/{rel}","templated":true}]}}