{"id":6217,"date":"2019-07-28T13:41:56","date_gmt":"2019-07-28T11:41:56","guid":{"rendered":"http:\/\/lesmaconsdelacreuse.fr\/annuaire\/?p=6217"},"modified":"2020-09-22T10:17:17","modified_gmt":"2020-09-22T08:17:17","slug":"l_421","status":"publish","type":"post","link":"https:\/\/www.lesmaconsdelacreuse.fr\/annuaires\/lettre-l\/l_421\/","title":{"rendered":"LARBANEIX Jean (1772-1849)"},"content":{"rendered":"<p class=\"last-updated\"><strong>Mis \u00e0 jour le :<\/strong> 25\/04\/2026<\/p><h2 style=\"text-align: center;\"><strong>Jean LARBANEIX<\/strong><\/h2>\n<p style=\"text-align: center;\"><strong>1772 \u2013 1849<\/strong><\/p>\n<p style=\"text-align: center;\"><img decoding=\"async\" title=\"\" src=\"https:\/\/lesmaconsdelacreuse.fr\/annuaire\/wp-content\/uploads\/2019\/07\/image1-1490.jpg\" alt=\"\" data-source-id=\"i.0\" data-asset-id=\"6216\" \/><\/p>\n<h4 style=\"text-align: center;\"><span style=\"color: #008000;\"><strong>ma\u00e7on <\/strong>et <strong>propri\u00e9taire cultivateur<\/strong><\/span><\/h4>\n<p>&nbsp;<\/p>\n<p style=\"text-align: center;\">n\u00e9 \u00e0 Grandjanon (Saint-Pierre-le-Bost)<\/p>\n<p style=\"text-align: center;\">le 2 septembre 1772<\/p>\n<p style=\"text-align: center;\">fils de<\/p>\n<p style=\"text-align: center;\">L\u00e9onard LARBANEIX \/ Marie SAUTON<\/p>\n<p style=\"text-align: center;\">laboureurs<\/p>\n<p style=\"text-align: center;\"><span style=\"color: #ffffff;\">\u25d9<\/span><\/p>\n<p><em>Jean \u00e9pouse Fran\u00e7oise <\/em><strong>LENOIR<\/strong><em> le 30 pluvi\u00f4se an VIII (19 f\u00e9vrier <\/em><strong>1800<\/strong><em>) \u00e0 Valli\u00e8re. Ils habitent Grandjanon. <\/em><\/p>\n<p><em>Pour son travail, Jean r\u00e9side alternativement \u00e0 <\/em><span style=\"color: #0000ff;\"><strong>Bessenay (69)<\/strong><\/span><em> et \u00e0 Grandjanon. <\/em><\/p>\n<p><em>Fran\u00e7oise d\u00e9c\u00e8de \u00e0 Grandjanon le 11 juin <\/em><strong>1818<\/strong><em>, \u00e2g\u00e9e de 38 ans environ.<\/em><\/p>\n<p><em> Jean se remarie le 24 f\u00e9vrier <\/em><strong>1821<\/strong><em> \u00e0 Saint-Pierre avec Marguerite <\/em><strong>LARBANEIX<\/strong><em>. Ils habitent aussi Grandjanon.<\/em><\/p>\n<p><em>Ils y d\u00e9c\u00e8dent\u00a0:<\/em><\/p>\n<ul>\n<li><em>Marguerite, le 1er d\u00e9cembre <\/em><strong>1846<\/strong><em>, \u00e2g\u00e9e de 66 ans<\/em><\/li>\n<li><em>Jean, le 14 mai <\/em><strong>1849<\/strong><em>, \u00e2g\u00e9 de 76 ans<\/em><\/li>\n<\/ul>\n<p>&nbsp;<\/p>\n","protected":false},"excerpt":{"rendered":"<p>Mis \u00e0 jour le : 25\/04\/2026Jean LARBANEIX 1772 \u2013 1849 ma\u00e7on et propri\u00e9taire cultivateur &nbsp; n\u00e9 \u00e0 Grandjanon (Saint-Pierre-le-Bost) le 2 septembre 1772 fils de L\u00e9onard LARBANEIX \/ Marie SAUTON laboureurs \u25d9 Jean \u00e9pouse Fran\u00e7oise LENOIR le 30 pluvi\u00f4se an VIII (19 f\u00e9vrier 1800) \u00e0 Valli\u00e8re. Ils habitent Grandjanon. Pour son travail, Jean r\u00e9side alternativement ..<\/p>\n<div class=\"clear-fix\"><\/div>\n<p><a href=\"https:\/\/www.lesmaconsdelacreuse.fr\/annuaires\/lettre-l\/l_421\/\" title=\"Lire la suite...\">Lire la suite<\/a><\/p>\n","protected":false},"author":6,"featured_media":0,"comment_status":"closed","ping_status":"closed","sticky":false,"template":"","format":"standard","meta":{"_acf_changed":false,"_exactmetrics_skip_tracking":false,"_exactmetrics_sitenote_active":false,"_exactmetrics_sitenote_note":"","_exactmetrics_sitenote_category":0,"footnotes":""},"categories":[19],"tags":[],"class_list":["post-6217","post","type-post","status-publish","format-standard","hentry","category-lettre-l"],"acf":[],"_links":{"self":[{"href":"https:\/\/www.lesmaconsdelacreuse.fr\/annuaires\/wp-json\/wp\/v2\/posts\/6217","targetHints":{"allow":["GET"]}}],"collection":[{"href":"https:\/\/www.lesmaconsdelacreuse.fr\/annuaires\/wp-json\/wp\/v2\/posts"}],"about":[{"href":"https:\/\/www.lesmaconsdelacreuse.fr\/annuaires\/wp-json\/wp\/v2\/types\/post"}],"author":[{"embeddable":true,"href":"https:\/\/www.lesmaconsdelacreuse.fr\/annuaires\/wp-json\/wp\/v2\/users\/6"}],"replies":[{"embeddable":true,"href":"https:\/\/www.lesmaconsdelacreuse.fr\/annuaires\/wp-json\/wp\/v2\/comments?post=6217"}],"version-history":[{"count":0,"href":"https:\/\/www.lesmaconsdelacreuse.fr\/annuaires\/wp-json\/wp\/v2\/posts\/6217\/revisions"}],"wp:attachment":[{"href":"https:\/\/www.lesmaconsdelacreuse.fr\/annuaires\/wp-json\/wp\/v2\/media?parent=6217"}],"wp:term":[{"taxonomy":"category","embeddable":true,"href":"https:\/\/www.lesmaconsdelacreuse.fr\/annuaires\/wp-json\/wp\/v2\/categories?post=6217"},{"taxonomy":"post_tag","embeddable":true,"href":"https:\/\/www.lesmaconsdelacreuse.fr\/annuaires\/wp-json\/wp\/v2\/tags?post=6217"}],"curies":[{"name":"wp","href":"https:\/\/api.w.org\/{rel}","templated":true}]}}