{"id":6220,"date":"2019-07-28T13:41:56","date_gmt":"2019-07-28T11:41:56","guid":{"rendered":"http:\/\/lesmaconsdelacreuse.fr\/annuaire\/?p=6220"},"modified":"2020-09-30T09:39:41","modified_gmt":"2020-09-30T07:39:41","slug":"l_441","status":"publish","type":"post","link":"https:\/\/www.lesmaconsdelacreuse.fr\/annuaires\/lettre-l\/l_441\/","title":{"rendered":"LARBANEIX Pierre (d\u00e9c\u00e9d\u00e9 apr\u00e8s 1796)"},"content":{"rendered":"<p class=\"last-updated\"><strong>Mis \u00e0 jour le :<\/strong> 25\/04\/2026<\/p><h2 style=\"text-align: center;\"><strong>Pierre LARBANEIX<\/strong><\/h2>\n<p style=\"text-align: center;\"><strong>d\u00e9c\u00e9d\u00e9 apr\u00e8s 1796<\/strong><\/p>\n<h4 style=\"text-align: center;\"><strong><span style=\"color: #008000;\">ma\u00e7on<\/span>\u00a0<a href=\"https:\/\/www.lesmaconsdelacreuse.fr\/annuaires\/wp-content\/uploads\/2019\/07\/1740-Prix-fait-\u00e0-Gabriel-QUEYRAT-1.jpg\">\u25ba<\/a><a href=\"https:\/\/www.lesmaconsdelacreuse.fr\/annuaires\/wp-content\/uploads\/2020\/08\/CHARPENTIER.png\" target=\"_blank\" rel=\"noopener noreferrer\"><span style=\"color: #008000;\">charpentier<\/span><\/a><\/strong><\/h4>\n<p style=\"text-align: center;\">du Compeix<\/p>\n<p style=\"text-align: center;\"><span style=\"color: #ffffff;\">\u25d9<\/span><\/p>\n<p>\u25ba<a href=\"https:\/\/www.lesmaconsdelacreuse.fr\/annuaires\/\/wp-content\/uploads\/DOCUMENTS\/1796_-_Pierre_LARBANEIX_a_Feyzin.pdf\" target=\"_blank\" rel=\"noopener noreferrer\"><strong><span style=\"color: #ff00ff;\">En 1796<\/span><\/strong><\/a><em>, Pierre est \u00e0 <\/em><span style=\"color: #0000ff;\"><strong>Feyzin (69)<\/strong><\/span><em>. (alors en Is\u00e8re). Il donne \u00e0 ferme son domaine au labourage de deux b\u0153ufs, situ\u00e9 au Bois-Laron, commune de Morterolles.<\/em><\/p>\n<p><em>Non identifi\u00e9.<\/em><\/p>\n<p>&nbsp;<\/p>\n","protected":false},"excerpt":{"rendered":"<p>Mis \u00e0 jour le : 25\/04\/2026Pierre LARBANEIX d\u00e9c\u00e9d\u00e9 apr\u00e8s 1796 ma\u00e7on\u00a0\u25bacharpentier du Compeix \u25d9 \u25baEn 1796, Pierre est \u00e0 Feyzin (69). (alors en Is\u00e8re). Il donne \u00e0 ferme son domaine au labourage de deux b\u0153ufs, situ\u00e9 au Bois-Laron, commune de Morterolles. Non identifi..<\/p>\n<div class=\"clear-fix\"><\/div>\n<p><a href=\"https:\/\/www.lesmaconsdelacreuse.fr\/annuaires\/lettre-l\/l_441\/\" title=\"Lire la suite...\">Lire la suite<\/a><\/p>\n","protected":false},"author":6,"featured_media":0,"comment_status":"closed","ping_status":"closed","sticky":false,"template":"","format":"standard","meta":{"_acf_changed":false,"_exactmetrics_skip_tracking":false,"_exactmetrics_sitenote_active":false,"_exactmetrics_sitenote_note":"","_exactmetrics_sitenote_category":0,"footnotes":""},"categories":[19],"tags":[],"class_list":["post-6220","post","type-post","status-publish","format-standard","hentry","category-lettre-l"],"acf":[],"_links":{"self":[{"href":"https:\/\/www.lesmaconsdelacreuse.fr\/annuaires\/wp-json\/wp\/v2\/posts\/6220","targetHints":{"allow":["GET"]}}],"collection":[{"href":"https:\/\/www.lesmaconsdelacreuse.fr\/annuaires\/wp-json\/wp\/v2\/posts"}],"about":[{"href":"https:\/\/www.lesmaconsdelacreuse.fr\/annuaires\/wp-json\/wp\/v2\/types\/post"}],"author":[{"embeddable":true,"href":"https:\/\/www.lesmaconsdelacreuse.fr\/annuaires\/wp-json\/wp\/v2\/users\/6"}],"replies":[{"embeddable":true,"href":"https:\/\/www.lesmaconsdelacreuse.fr\/annuaires\/wp-json\/wp\/v2\/comments?post=6220"}],"version-history":[{"count":0,"href":"https:\/\/www.lesmaconsdelacreuse.fr\/annuaires\/wp-json\/wp\/v2\/posts\/6220\/revisions"}],"wp:attachment":[{"href":"https:\/\/www.lesmaconsdelacreuse.fr\/annuaires\/wp-json\/wp\/v2\/media?parent=6220"}],"wp:term":[{"taxonomy":"category","embeddable":true,"href":"https:\/\/www.lesmaconsdelacreuse.fr\/annuaires\/wp-json\/wp\/v2\/categories?post=6220"},{"taxonomy":"post_tag","embeddable":true,"href":"https:\/\/www.lesmaconsdelacreuse.fr\/annuaires\/wp-json\/wp\/v2\/tags?post=6220"}],"curies":[{"name":"wp","href":"https:\/\/api.w.org\/{rel}","templated":true}]}}