{"id":6223,"date":"2019-07-28T13:41:56","date_gmt":"2019-07-28T11:41:56","guid":{"rendered":"http:\/\/lesmaconsdelacreuse.fr\/annuaire\/?p=6223"},"modified":"2020-01-20T11:26:56","modified_gmt":"2020-01-20T10:26:56","slug":"l_489","status":"publish","type":"post","link":"https:\/\/www.lesmaconsdelacreuse.fr\/annuaires\/lettre-l\/l_489\/","title":{"rendered":"LARMARAUD Pierre (1818-1895)"},"content":{"rendered":"<p class=\"last-updated\"><strong>Mis \u00e0 jour le :<\/strong> 25\/04\/2026<\/p><h2 style=\"text-align: center;\"><strong>Pierre LARMARAUD<\/strong><\/h2>\n<p style=\"text-align: center;\"><strong>1818 \u2013 1895<\/strong><\/p>\n<p style=\"text-align: center;\"><img loading=\"lazy\" decoding=\"async\" class=\"\" title=\"\" src=\"https:\/\/lesmaconsdelacreuse.fr\/annuaire\/wp-content\/uploads\/2019\/07\/image1-1492.jpg\" alt=\"\" width=\"436\" height=\"172\" data-source-id=\"i.0\" data-asset-id=\"6222\" \/><\/p>\n<h4 style=\"text-align: center;\"><span style=\"color: #008000;\"><strong>ma\u00e7on <\/strong>et<strong> cultivateur<\/strong><\/span><\/h4>\n<p style=\"text-align: center;\">n\u00e9 au Massoubrot (Saint-Martin-Ch\u00e2teau)<\/p>\n<p style=\"text-align: center;\">le 21 octobre 1818<\/p>\n<p style=\"text-align: center;\">fils de<\/p>\n<p style=\"text-align: center;\">Jean-Baptiste LARMARAUD, <span style=\"color: #008000;\"><strong>entrepreneur de b\u00e2timents<\/strong><\/span><\/p>\n<p style=\"text-align: center;\">Jeanne LAGAYE<\/p>\n<p style=\"text-align: center;\">propri\u00e9taires cultivateurs<\/p>\n<p style=\"text-align: center;\"><span style=\"color: #ffffff;\">\u25d9<\/span><\/p>\n<p><strong>En 1839<\/strong><em>, Pierre travaille dans le <\/em><span style=\"color: #0000ff;\"><strong>Rh\u00f4ne (69)<\/strong><\/span><em> et y passe le conseil de r\u00e9vision.<\/em><\/p>\n<p><em> Il \u00e9pouse Fran\u00e7oise <\/em><strong>LALANDE<\/strong><em> le 18 mars <\/em><strong>1847<\/strong><em> \u00e0 Saint-Pardoux-Lavaud (contrat JB Junien Faure de Saint-Martin). Ils habitent La Cour-de-Rozet. <\/em><\/p>\n<p><em>Fran\u00e7oise y d\u00e9c\u00e8de le 11 octobre <\/em><strong>1858<\/strong><em>, \u00e2g\u00e9e de 26 ans. <\/em><\/p>\n<p><em>Pierre se remarie le 20 mars <\/em><strong>1860<\/strong><em> \u00e0 Vidaillat, avec Marie <\/em><strong>THAURY<\/strong><em> (contrat devant le m\u00eame notaire). Le nouveau couple habite aussi La Cour-de-Rozet. <\/em><\/p>\n<p><em>Pierre y d\u00e9c\u00e8de, veuf une deuxi\u00e8me fois, le 22 septembre <\/em><strong>1895<\/strong><em>, \u00e2g\u00e9 de 76 ans. <\/em><\/p>\n","protected":false},"excerpt":{"rendered":"<p>Mis \u00e0 jour le : 25\/04\/2026Pierre LARMARAUD 1818 \u2013 1895 ma\u00e7on et cultivateur n\u00e9 au Massoubrot (Saint-Martin-Ch\u00e2teau) le 21 octobre 1818 fils de Jean-Baptiste LARMARAUD, entrepreneur de b\u00e2timents Jeanne LAGAYE propri\u00e9taires cultivateurs \u25d9 En 1839, Pierre travaille dans le Rh\u00f4ne (69) et y passe le conseil de r\u00e9vision. Il \u00e9pouse Fran\u00e7oise LALANDE le 18 mars ..<\/p>\n<div class=\"clear-fix\"><\/div>\n<p><a href=\"https:\/\/www.lesmaconsdelacreuse.fr\/annuaires\/lettre-l\/l_489\/\" title=\"Lire la suite...\">Lire la suite<\/a><\/p>\n","protected":false},"author":6,"featured_media":0,"comment_status":"closed","ping_status":"closed","sticky":false,"template":"","format":"standard","meta":{"_acf_changed":false,"_exactmetrics_skip_tracking":false,"_exactmetrics_sitenote_active":false,"_exactmetrics_sitenote_note":"","_exactmetrics_sitenote_category":0,"footnotes":""},"categories":[19],"tags":[],"class_list":["post-6223","post","type-post","status-publish","format-standard","hentry","category-lettre-l"],"acf":[],"_links":{"self":[{"href":"https:\/\/www.lesmaconsdelacreuse.fr\/annuaires\/wp-json\/wp\/v2\/posts\/6223","targetHints":{"allow":["GET"]}}],"collection":[{"href":"https:\/\/www.lesmaconsdelacreuse.fr\/annuaires\/wp-json\/wp\/v2\/posts"}],"about":[{"href":"https:\/\/www.lesmaconsdelacreuse.fr\/annuaires\/wp-json\/wp\/v2\/types\/post"}],"author":[{"embeddable":true,"href":"https:\/\/www.lesmaconsdelacreuse.fr\/annuaires\/wp-json\/wp\/v2\/users\/6"}],"replies":[{"embeddable":true,"href":"https:\/\/www.lesmaconsdelacreuse.fr\/annuaires\/wp-json\/wp\/v2\/comments?post=6223"}],"version-history":[{"count":0,"href":"https:\/\/www.lesmaconsdelacreuse.fr\/annuaires\/wp-json\/wp\/v2\/posts\/6223\/revisions"}],"wp:attachment":[{"href":"https:\/\/www.lesmaconsdelacreuse.fr\/annuaires\/wp-json\/wp\/v2\/media?parent=6223"}],"wp:term":[{"taxonomy":"category","embeddable":true,"href":"https:\/\/www.lesmaconsdelacreuse.fr\/annuaires\/wp-json\/wp\/v2\/categories?post=6223"},{"taxonomy":"post_tag","embeddable":true,"href":"https:\/\/www.lesmaconsdelacreuse.fr\/annuaires\/wp-json\/wp\/v2\/tags?post=6223"}],"curies":[{"name":"wp","href":"https:\/\/api.w.org\/{rel}","templated":true}]}}