{"id":6226,"date":"2019-07-28T13:41:56","date_gmt":"2019-07-28T11:41:56","guid":{"rendered":"http:\/\/lesmaconsdelacreuse.fr\/annuaire\/?p=6226"},"modified":"2020-10-02T17:07:29","modified_gmt":"2020-10-02T15:07:29","slug":"l_413","status":"publish","type":"post","link":"https:\/\/www.lesmaconsdelacreuse.fr\/annuaires\/lettre-l\/l_413\/","title":{"rendered":"LARBANEIX Jacques (1835-1910)"},"content":{"rendered":"<p class=\"last-updated\"><strong>Mis \u00e0 jour le :<\/strong> 25\/04\/2026<\/p><h2 style=\"text-align: center;\"><strong>Jacques LARBANEIX<\/strong><\/h2>\n<p style=\"text-align: center;\"><strong>Jean LARBANEIX<\/strong><\/p>\n<p style=\"text-align: center;\"><strong>1835 \u2013 1910<\/strong><\/p>\n<p style=\"text-align: center;\"><img decoding=\"async\" title=\"\" src=\"https:\/\/lesmaconsdelacreuse.fr\/annuaire\/wp-content\/uploads\/2019\/07\/image1-1493.jpg\" alt=\"\" data-source-id=\"i.0\" data-asset-id=\"6225\" \/><\/p>\n<h4 style=\"text-align: center;\"><span style=\"color: #008000;\"><strong>ma\u00e7on<\/strong>,<strong> plombier<\/strong><\/span>;\u00a0<em><strong>\u25ba<a href=\"https:\/\/www.lesmaconsdelacreuse.fr\/annuaires\/wp-content\/uploads\/2020\/08\/LOGEUR-LOGEUSE.png\"><span style=\"color: #008000;\">logeur<\/span><\/a><\/strong><\/em><\/h4>\n<p>&nbsp;<\/p>\n<p style=\"text-align: center;\">n\u00e9 \u00e0 La Prade (Saint-Pierre-le-Bost)<\/p>\n<p style=\"text-align: center;\">le 13 septembre 1835<\/p>\n<p style=\"text-align: center;\">fils de<\/p>\n<p style=\"text-align: center;\">Gabriel LARBANEIX,<span style=\"color: #008000;\"><strong> ma\u00e7on<\/strong><\/span><\/p>\n<p style=\"text-align: center;\">Anne NIZOU, cultivatrice<\/p>\n<p style=\"text-align: center;\"><span style=\"color: #ffffff;\">\u25d9<\/span><\/p>\n<p><em>Jacques, <\/em><span style=\"color: #008000;\"><strong>ma\u00e7on<\/strong><\/span><em>, \u00e9pouse Marie <\/em><strong>MESTER<\/strong><em>, couturi\u00e8re, le 30 janvier <\/em><strong>1862<\/strong><em> \u00e0 Valli\u00e8re (contrat Vigier). Le couple habite d\u2019abord La Prade. <\/em><\/p>\n<p><strong>En 1869<\/strong><em>, le couple est \u00e0 <\/em><span style=\"color: #0000ff;\"><strong>Lyon (69)<\/strong><\/span><em>, 111, cours des Brosses, 3e arrondissement.<\/em><\/p>\n<p><strong>En 1878<\/strong><em>, ils sont dans le m\u00eame arrondissement, 255, rue Sainte-\u00c9lisabeth, et Jacques est d\u00e9sormais <\/em><span style=\"color: #008000;\"><strong>plombier<\/strong><\/span><em>.<\/em><\/p>\n<p><strong>En 1899<\/strong><em>, ils sont <\/em><span style=\"color: #008000;\"><strong>logeurs<\/strong><\/span><em>, et tiennent un d\u00e9bit de vin. <\/em><\/p>\n<p><strong>En 1902<\/strong><em>, ils sont retir\u00e9s \u00e0 La Prade, et ils y d\u00e9c\u00e8dent\u00a0:<\/em><\/p>\n<ul>\n<li><em> Marie, le 13 janvier <\/em><strong>1903<\/strong><em>, \u00e2g\u00e9e de 62 ans<\/em><\/li>\n<li><em> Jacques, le 21 ao\u00fbt <\/em><strong>1910<\/strong><em>, \u00e2g\u00e9 de 74 ans<\/em><\/li>\n<\/ul>\n<p>&nbsp;<\/p>\n","protected":false},"excerpt":{"rendered":"<p>Mis \u00e0 jour le : 25\/04\/2026Jacques LARBANEIX Jean LARBANEIX 1835 \u2013 1910 ma\u00e7on, plombier;\u00a0\u25balogeur &nbsp; n\u00e9 \u00e0 La Prade (Saint-Pierre-le-Bost) le 13 septembre 1835 fils de Gabriel LARBANEIX, ma\u00e7on Anne NIZOU, cultivatrice \u25d9 Jacques, ma\u00e7on, \u00e9pouse Marie MESTER, couturi\u00e8re, le 30 janvier 1862 \u00e0 Valli\u00e8re (contrat Vigier). Le couple habite d\u2019abord La Prade. En 1869, ..<\/p>\n<div class=\"clear-fix\"><\/div>\n<p><a href=\"https:\/\/www.lesmaconsdelacreuse.fr\/annuaires\/lettre-l\/l_413\/\" title=\"Lire la suite...\">Lire la suite<\/a><\/p>\n","protected":false},"author":6,"featured_media":0,"comment_status":"closed","ping_status":"closed","sticky":false,"template":"","format":"standard","meta":{"_acf_changed":false,"_exactmetrics_skip_tracking":false,"_exactmetrics_sitenote_active":false,"_exactmetrics_sitenote_note":"","_exactmetrics_sitenote_category":0,"footnotes":""},"categories":[19],"tags":[],"class_list":["post-6226","post","type-post","status-publish","format-standard","hentry","category-lettre-l"],"acf":[],"_links":{"self":[{"href":"https:\/\/www.lesmaconsdelacreuse.fr\/annuaires\/wp-json\/wp\/v2\/posts\/6226","targetHints":{"allow":["GET"]}}],"collection":[{"href":"https:\/\/www.lesmaconsdelacreuse.fr\/annuaires\/wp-json\/wp\/v2\/posts"}],"about":[{"href":"https:\/\/www.lesmaconsdelacreuse.fr\/annuaires\/wp-json\/wp\/v2\/types\/post"}],"author":[{"embeddable":true,"href":"https:\/\/www.lesmaconsdelacreuse.fr\/annuaires\/wp-json\/wp\/v2\/users\/6"}],"replies":[{"embeddable":true,"href":"https:\/\/www.lesmaconsdelacreuse.fr\/annuaires\/wp-json\/wp\/v2\/comments?post=6226"}],"version-history":[{"count":0,"href":"https:\/\/www.lesmaconsdelacreuse.fr\/annuaires\/wp-json\/wp\/v2\/posts\/6226\/revisions"}],"wp:attachment":[{"href":"https:\/\/www.lesmaconsdelacreuse.fr\/annuaires\/wp-json\/wp\/v2\/media?parent=6226"}],"wp:term":[{"taxonomy":"category","embeddable":true,"href":"https:\/\/www.lesmaconsdelacreuse.fr\/annuaires\/wp-json\/wp\/v2\/categories?post=6226"},{"taxonomy":"post_tag","embeddable":true,"href":"https:\/\/www.lesmaconsdelacreuse.fr\/annuaires\/wp-json\/wp\/v2\/tags?post=6226"}],"curies":[{"name":"wp","href":"https:\/\/api.w.org\/{rel}","templated":true}]}}