{"id":6238,"date":"2019-07-28T13:41:55","date_gmt":"2019-07-28T11:41:55","guid":{"rendered":"http:\/\/lesmaconsdelacreuse.fr\/annuaire\/?p=6238"},"modified":"2020-10-11T14:50:20","modified_gmt":"2020-10-11T12:50:20","slug":"l_442","status":"publish","type":"post","link":"https:\/\/www.lesmaconsdelacreuse.fr\/annuaires\/lettre-l\/l_442\/","title":{"rendered":"LARBANEIX Pierre (1786-1826)"},"content":{"rendered":"<p class=\"last-updated\"><strong>Mis \u00e0 jour le :<\/strong> 25\/04\/2026<\/p><h2 style=\"text-align: center;\"><strong>Pierre LARBANEIX<\/strong><\/h2>\n<p style=\"text-align: center;\"><strong>1786 \u2013 1826<\/strong><\/p>\n<p style=\"text-align: center;\"><img decoding=\"async\" title=\"\" src=\"https:\/\/lesmaconsdelacreuse.fr\/annuaire\/wp-content\/uploads\/2019\/07\/image1-1498.jpg\" alt=\"\" data-source-id=\"i.0\" data-asset-id=\"6237\" \/><\/p>\n<h4 style=\"text-align: center;\"><span style=\"color: #008000;\"><strong>ma\u00e7on<\/strong> et\u00a0\u25ba<a style=\"color: #008000;\" href=\"https:\/\/www.lesmaconsdelacreuse.fr\/annuaires\/wp-content\/uploads\/2020\/08\/FERMIER-M\u00c9TAYER.png\" target=\"_blank\" rel=\"noopener noreferrer\">m\u00e9tayer<\/a><\/span><\/h4>\n<p>&nbsp;<\/p>\n<p style=\"text-align: center;\">n\u00e9 \u00e0 La Villatte (Saint-Pierre-le-Bost)<\/p>\n<p style=\"text-align: center;\">le 8 avril 1786<\/p>\n<p style=\"text-align: center;\">fils de<\/p>\n<p style=\"text-align: center;\">Fran\u00e7ois LARBANEIX \/ L\u00e9onarde GIRAUDON<\/p>\n<p style=\"text-align: center;\">laboureurs et m\u00e9tayers<\/p>\n<p style=\"text-align: center;\"><span style=\"color: #ffffff;\">\u25d9<\/span><\/p>\n<p><em>Pierre \u00e9pouse Jeanne <\/em><strong>GUILLON<\/strong><em> le 13 janvier <\/em><strong>1815<\/strong><em> \u00e0 Ch\u00e2tain (contrat Coutisson \u00e0 Roy\u00e8re). Le couple vit \u00e0 La Villatte. <\/em><\/p>\n<p><strong>En 1826<\/strong><em>, Pierre travaille \u00e0 <\/em><span style=\"color: #0000ff;\"><strong>Francheville (69)<\/strong><\/span><\/p>\n<p><em>Il y d\u00e9c\u00e8de le 7 septembre de la m\u00eame ann\u00e9e, au domicile de Jean-Marie BRUN, \u00e2g\u00e9 de 40 ans.<\/em><\/p>\n<p><em> Sa veuve se remarie en 1828<\/em> <em>avec Antoine GUYOT, ma\u00e7on, et d\u00e9c\u00e8de \u00e0 Pramy, commune de Saint-Pierre, le 15 mars 1842, \u00e2g\u00e9e de 51 ans.<\/em><\/p>\n<p>&nbsp;<\/p>\n","protected":false},"excerpt":{"rendered":"<p>Mis \u00e0 jour le : 25\/04\/2026Pierre LARBANEIX 1786 \u2013 1826 ma\u00e7on et\u00a0\u25bam\u00e9tayer &nbsp; n\u00e9 \u00e0 La Villatte (Saint-Pierre-le-Bost) le 8 avril 1786 fils de Fran\u00e7ois LARBANEIX \/ L\u00e9onarde GIRAUDON laboureurs et m\u00e9tayers \u25d9 Pierre \u00e9pouse Jeanne GUILLON le 13 janvier 1815 \u00e0 Ch\u00e2tain (contrat Coutisson \u00e0 Roy\u00e8re). Le couple vit \u00e0 La Villatte. En 1826, ..<\/p>\n<div class=\"clear-fix\"><\/div>\n<p><a href=\"https:\/\/www.lesmaconsdelacreuse.fr\/annuaires\/lettre-l\/l_442\/\" title=\"Lire la suite...\">Lire la suite<\/a><\/p>\n","protected":false},"author":6,"featured_media":0,"comment_status":"closed","ping_status":"closed","sticky":false,"template":"","format":"standard","meta":{"_acf_changed":false,"_exactmetrics_skip_tracking":false,"_exactmetrics_sitenote_active":false,"_exactmetrics_sitenote_note":"","_exactmetrics_sitenote_category":0,"footnotes":""},"categories":[19],"tags":[],"class_list":["post-6238","post","type-post","status-publish","format-standard","hentry","category-lettre-l"],"acf":[],"_links":{"self":[{"href":"https:\/\/www.lesmaconsdelacreuse.fr\/annuaires\/wp-json\/wp\/v2\/posts\/6238","targetHints":{"allow":["GET"]}}],"collection":[{"href":"https:\/\/www.lesmaconsdelacreuse.fr\/annuaires\/wp-json\/wp\/v2\/posts"}],"about":[{"href":"https:\/\/www.lesmaconsdelacreuse.fr\/annuaires\/wp-json\/wp\/v2\/types\/post"}],"author":[{"embeddable":true,"href":"https:\/\/www.lesmaconsdelacreuse.fr\/annuaires\/wp-json\/wp\/v2\/users\/6"}],"replies":[{"embeddable":true,"href":"https:\/\/www.lesmaconsdelacreuse.fr\/annuaires\/wp-json\/wp\/v2\/comments?post=6238"}],"version-history":[{"count":0,"href":"https:\/\/www.lesmaconsdelacreuse.fr\/annuaires\/wp-json\/wp\/v2\/posts\/6238\/revisions"}],"wp:attachment":[{"href":"https:\/\/www.lesmaconsdelacreuse.fr\/annuaires\/wp-json\/wp\/v2\/media?parent=6238"}],"wp:term":[{"taxonomy":"category","embeddable":true,"href":"https:\/\/www.lesmaconsdelacreuse.fr\/annuaires\/wp-json\/wp\/v2\/categories?post=6238"},{"taxonomy":"post_tag","embeddable":true,"href":"https:\/\/www.lesmaconsdelacreuse.fr\/annuaires\/wp-json\/wp\/v2\/tags?post=6238"}],"curies":[{"name":"wp","href":"https:\/\/api.w.org\/{rel}","templated":true}]}}