{"id":6249,"date":"2019-07-28T13:41:54","date_gmt":"2019-07-28T11:41:54","guid":{"rendered":"http:\/\/lesmaconsdelacreuse.fr\/annuaire\/?p=6249"},"modified":"2024-02-02T13:43:40","modified_gmt":"2024-02-02T12:43:40","slug":"l_430","status":"publish","type":"post","link":"https:\/\/www.lesmaconsdelacreuse.fr\/annuaires\/lettre-l\/l_430\/","title":{"rendered":"LARBANEIX L\u00e9onard (1845-1922)"},"content":{"rendered":"<p class=\"last-updated\"><strong>Mis \u00e0 jour le :<\/strong> 25\/04\/2026<\/p><h2 style=\"text-align: center;\"><strong>L\u00e9onard LARBANEIX<\/strong><\/h2>\n<p style=\"text-align: center;\"><strong>Lucien LARBANEIX<\/strong><\/p>\n<p style=\"text-align: center;\"><strong>1845 \u2013 1922<\/strong><\/p>\n<p style=\"text-align: center;\"><img decoding=\"async\" title=\"\" src=\"https:\/\/lesmaconsdelacreuse.fr\/annuaire\/wp-content\/uploads\/2019\/07\/image1-1503.jpg\" alt=\"\" data-source-id=\"i.0\" data-asset-id=\"6247\" \/><\/p>\n<h4 style=\"text-align: center;\"><span style=\"color: #008000;\"><strong>ma\u00e7on <\/strong>et <strong>propri\u00e9taire<\/strong> <strong>cultivateur<\/strong><\/span><\/h4>\n<p>&nbsp;<\/p>\n<p style=\"text-align: center;\">n\u00e9 \u00e0 Grandjanon (Saint-Pierre-le-Bost)<\/p>\n<p style=\"text-align: center;\">le 18 octobre 1845<\/p>\n<p style=\"text-align: center;\">fils de<\/p>\n<p style=\"text-align: center;\">Louis Fran\u00e7ois LARBANEIX, <span style=\"color: #008000;\"><strong>ma\u00e7on<\/strong><\/span> et meunier<\/p>\n<p style=\"text-align: center;\">Jeanne COUTY, cultivatrice<\/p>\n<p style=\"text-align: center;\"><span style=\"color: #ffffff;\">\u25d9<\/span><\/p>\n<p><strong>En 1866<\/strong><em>, L\u00e9onard travaille dans la <\/em><span style=\"color: #0000ff;\"><strong>Seine <\/strong><\/span><em>et y passe le conseil de r\u00e9vision.<\/em><\/p>\n<p><em>Il \u00e9pouse Marie <\/em><strong>LEGROS<\/strong><em> le 6 f\u00e9vrier <\/em><strong>1872<\/strong><em> \u00e0 Saint-Pierre (contrat Laville au Monteil-au-Vicomte). Ils vivent d\u2019abord au moulin de Grandjanon. <\/em><\/p>\n<p><strong>En 1878<\/strong><em>, ils habitent <\/em><span style=\"color: #0000ff;\"><strong>Paris (75)<\/strong><\/span><em> 5e arrondissement,<\/em><\/p>\n<p><strong>en 1883<\/strong>, <em>5, rue Saint-M\u00e9dard, m\u00eame arrondissement,<\/em><\/p>\n<p><strong>en 1894<\/strong><em>, 23, rue Mouffetard, aussi dans le 5e.<\/em><\/p>\n<p>Le 8 d\u00e9cembre <strong>1921<\/strong><em>, L\u00e9onard fait un <a href=\"https:\/\/www.lesmaconsdelacreuse.fr\/annuaires\/\/wp-content\/uploads\/LEXIQUE\/TESTAMENT_OLOGRAPHE.pdf\" target=\"_blank\" rel=\"noopener noreferrer\">\u25ba <\/a><a href=\"https:\/\/www.lesmaconsdelacreuse.fr\/annuaires\/wp-content\/uploads\/2019\/08\/TESTAMENT-OLOGRAPHE.png\" target=\"_blank\" rel=\"noopener noreferrer\">testament olographe<\/a><a href=\"https:\/\/www.lesmaconsdelacreuse.fr\/annuaires\/\/wp-content\/uploads\/LEXIQUE\/TESTAMENT_OLOGRAPHE.pdf\" target=\"_blank\" rel=\"noopener noreferrer\">.<\/a><\/em><\/p>\n<p><em>Les \u00e9poux d\u00e9c\u00e8dent\u00a0:<\/em><\/p>\n<ul>\n<li><em>L\u00e9onard, \u00e0 Paris, le 11 octobre <\/em><strong>1922<\/strong><em>, \u00e2g\u00e9 de 76 ans <\/em><\/li>\n<li><em>Marie, \u00e0 Grandjanon, le 27 mai <\/em><strong>1923<\/strong><em>, \u00e2g\u00e9e de 75 ans<\/em><\/li>\n<\/ul>\n<p>&nbsp;<\/p>\n","protected":false},"excerpt":{"rendered":"<p>Mis \u00e0 jour le : 25\/04\/2026L\u00e9onard LARBANEIX Lucien LARBANEIX 1845 \u2013 1922 ma\u00e7on et propri\u00e9taire cultivateur &nbsp; n\u00e9 \u00e0 Grandjanon (Saint-Pierre-le-Bost) le 18 octobre 1845 fils de Louis Fran\u00e7ois LARBANEIX, ma\u00e7on et meunier Jeanne COUTY, cultivatrice \u25d9 En 1866, L\u00e9onard travaille dans la Seine et y passe le conseil de r\u00e9vision. Il \u00e9pouse Marie LEGROS ..<\/p>\n<div class=\"clear-fix\"><\/div>\n<p><a href=\"https:\/\/www.lesmaconsdelacreuse.fr\/annuaires\/lettre-l\/l_430\/\" title=\"Lire la suite...\">Lire la suite<\/a><\/p>\n","protected":false},"author":6,"featured_media":0,"comment_status":"closed","ping_status":"closed","sticky":false,"template":"","format":"standard","meta":{"_acf_changed":false,"_exactmetrics_skip_tracking":false,"_exactmetrics_sitenote_active":false,"_exactmetrics_sitenote_note":"","_exactmetrics_sitenote_category":0,"footnotes":""},"categories":[19],"tags":[],"class_list":["post-6249","post","type-post","status-publish","format-standard","hentry","category-lettre-l"],"acf":[],"_links":{"self":[{"href":"https:\/\/www.lesmaconsdelacreuse.fr\/annuaires\/wp-json\/wp\/v2\/posts\/6249","targetHints":{"allow":["GET"]}}],"collection":[{"href":"https:\/\/www.lesmaconsdelacreuse.fr\/annuaires\/wp-json\/wp\/v2\/posts"}],"about":[{"href":"https:\/\/www.lesmaconsdelacreuse.fr\/annuaires\/wp-json\/wp\/v2\/types\/post"}],"author":[{"embeddable":true,"href":"https:\/\/www.lesmaconsdelacreuse.fr\/annuaires\/wp-json\/wp\/v2\/users\/6"}],"replies":[{"embeddable":true,"href":"https:\/\/www.lesmaconsdelacreuse.fr\/annuaires\/wp-json\/wp\/v2\/comments?post=6249"}],"version-history":[{"count":2,"href":"https:\/\/www.lesmaconsdelacreuse.fr\/annuaires\/wp-json\/wp\/v2\/posts\/6249\/revisions"}],"predecessor-version":[{"id":211344,"href":"https:\/\/www.lesmaconsdelacreuse.fr\/annuaires\/wp-json\/wp\/v2\/posts\/6249\/revisions\/211344"}],"wp:attachment":[{"href":"https:\/\/www.lesmaconsdelacreuse.fr\/annuaires\/wp-json\/wp\/v2\/media?parent=6249"}],"wp:term":[{"taxonomy":"category","embeddable":true,"href":"https:\/\/www.lesmaconsdelacreuse.fr\/annuaires\/wp-json\/wp\/v2\/categories?post=6249"},{"taxonomy":"post_tag","embeddable":true,"href":"https:\/\/www.lesmaconsdelacreuse.fr\/annuaires\/wp-json\/wp\/v2\/tags?post=6249"}],"curies":[{"name":"wp","href":"https:\/\/api.w.org\/{rel}","templated":true}]}}