{"id":6250,"date":"2019-07-28T13:41:54","date_gmt":"2019-07-28T11:41:54","guid":{"rendered":"http:\/\/lesmaconsdelacreuse.fr\/annuaire\/?p=6250"},"modified":"2020-01-20T11:26:59","modified_gmt":"2020-01-20T10:26:59","slug":"l_424","status":"publish","type":"post","link":"https:\/\/www.lesmaconsdelacreuse.fr\/annuaires\/lettre-l\/l_424\/","title":{"rendered":"LARBANEIX Jean \u00c9tienne (1868-apr\u00e8s 1914)"},"content":{"rendered":"<p class=\"last-updated\"><strong>Mis \u00e0 jour le :<\/strong> 25\/04\/2026<\/p><h2 style=\"text-align: center;\"><strong>Jean \u00c9tienne LARBANEIX<\/strong><\/h2>\n<p style=\"text-align: center;\"><strong>1868 \u2013 apr\u00e8s 1914<\/strong><\/p>\n<h4 style=\"text-align: center;\"><span style=\"color: #008000;\"><strong>ma\u00e7on<\/strong><\/span><\/h4>\n<p style=\"text-align: center;\">n\u00e9 \u00e0 Pramy (Saint-Pierre-le-Bost)<\/p>\n<p style=\"text-align: center;\">le 3 novembre 1868<\/p>\n<p style=\"text-align: center;\">fils de<\/p>\n<p style=\"text-align: center;\">Fran\u00e7ois Louis LARBANEIX, <span style=\"color: #008000;\"><strong>ma\u00e7on <\/strong><\/span><strong>\/ <\/strong>Marie MAZET<\/p>\n<p style=\"text-align: center;\">propri\u00e9taires cultivateurs<\/p>\n<p style=\"text-align: center;\"><span style=\"color: #ffffff;\">\u25d9<\/span><\/p>\n<p><em>Jean travaille \u00e0 <\/em><span style=\"color: #0000ff;\"><strong>Paris (75)<\/strong><\/span><em> et loge\u00a0:<\/em><\/p>\n<p><strong>en 1893<\/strong><em><strong>,<\/strong> 1, rue de la Parcheminerie\u00a0;<\/em><\/p>\n<p><strong>en 1895<\/strong><em>, 5, rue Saint-M\u00e9dard\u00a0;<\/em><\/p>\n<p><strong>en 1898<\/strong><em>, 26, rue des Carmes\u00a0;<\/em><\/p>\n<p><strong>en 1903<\/strong><em>, 6, rue Blainville, 5e arrondissement\u00a0;<\/em><\/p>\n<p><strong>en 1914<\/strong><em>, 47, rue Beaunier, 14e arrondissement.<\/em><\/p>\n","protected":false},"excerpt":{"rendered":"<p>Mis \u00e0 jour le : 25\/04\/2026Jean \u00c9tienne LARBANEIX 1868 \u2013 apr\u00e8s 1914 ma\u00e7on n\u00e9 \u00e0 Pramy (Saint-Pierre-le-Bost) le 3 novembre 1868 fils de Fran\u00e7ois Louis LARBANEIX, ma\u00e7on \/ Marie MAZET propri\u00e9taires cultivateurs \u25d9 Jean travaille \u00e0 Paris (75) et loge\u00a0: en 1893, 1, rue de la Parcheminerie\u00a0; en 1895, 5, rue Saint-M\u00e9dard\u00a0; en 1898, 26, ..<\/p>\n<div class=\"clear-fix\"><\/div>\n<p><a href=\"https:\/\/www.lesmaconsdelacreuse.fr\/annuaires\/lettre-l\/l_424\/\" title=\"Lire la suite...\">Lire la suite<\/a><\/p>\n","protected":false},"author":6,"featured_media":0,"comment_status":"closed","ping_status":"closed","sticky":false,"template":"","format":"standard","meta":{"_acf_changed":false,"_exactmetrics_skip_tracking":false,"_exactmetrics_sitenote_active":false,"_exactmetrics_sitenote_note":"","_exactmetrics_sitenote_category":0,"footnotes":""},"categories":[19],"tags":[],"class_list":["post-6250","post","type-post","status-publish","format-standard","hentry","category-lettre-l"],"acf":[],"_links":{"self":[{"href":"https:\/\/www.lesmaconsdelacreuse.fr\/annuaires\/wp-json\/wp\/v2\/posts\/6250","targetHints":{"allow":["GET"]}}],"collection":[{"href":"https:\/\/www.lesmaconsdelacreuse.fr\/annuaires\/wp-json\/wp\/v2\/posts"}],"about":[{"href":"https:\/\/www.lesmaconsdelacreuse.fr\/annuaires\/wp-json\/wp\/v2\/types\/post"}],"author":[{"embeddable":true,"href":"https:\/\/www.lesmaconsdelacreuse.fr\/annuaires\/wp-json\/wp\/v2\/users\/6"}],"replies":[{"embeddable":true,"href":"https:\/\/www.lesmaconsdelacreuse.fr\/annuaires\/wp-json\/wp\/v2\/comments?post=6250"}],"version-history":[{"count":0,"href":"https:\/\/www.lesmaconsdelacreuse.fr\/annuaires\/wp-json\/wp\/v2\/posts\/6250\/revisions"}],"wp:attachment":[{"href":"https:\/\/www.lesmaconsdelacreuse.fr\/annuaires\/wp-json\/wp\/v2\/media?parent=6250"}],"wp:term":[{"taxonomy":"category","embeddable":true,"href":"https:\/\/www.lesmaconsdelacreuse.fr\/annuaires\/wp-json\/wp\/v2\/categories?post=6250"},{"taxonomy":"post_tag","embeddable":true,"href":"https:\/\/www.lesmaconsdelacreuse.fr\/annuaires\/wp-json\/wp\/v2\/tags?post=6250"}],"curies":[{"name":"wp","href":"https:\/\/api.w.org\/{rel}","templated":true}]}}