{"id":6256,"date":"2019-07-28T13:41:54","date_gmt":"2019-07-28T11:41:54","guid":{"rendered":"http:\/\/lesmaconsdelacreuse.fr\/annuaire\/?p=6256"},"modified":"2020-01-20T11:26:59","modified_gmt":"2020-01-20T10:26:59","slug":"l_495","status":"publish","type":"post","link":"https:\/\/www.lesmaconsdelacreuse.fr\/annuaires\/lettre-l\/l_495\/","title":{"rendered":"LAROCHE L\u00e9onard (vers 1702-1742)"},"content":{"rendered":"<p class=\"last-updated\"><strong>Mis \u00e0 jour le :<\/strong> 25\/04\/2026<\/p><h2 style=\"text-align: center;\"><strong>L\u00e9onard LAROCHE<\/strong><\/h2>\n<p style=\"text-align: center;\"><strong>vers 1702 \u2013 1742<\/strong><\/p>\n<p style=\"text-align: center;\"><img decoding=\"async\" title=\"\" src=\"https:\/\/lesmaconsdelacreuse.fr\/annuaire\/wp-content\/uploads\/2019\/07\/image1-1506.jpg\" alt=\"\" data-source-id=\"i.0\" data-asset-id=\"6255\" \/><\/p>\n<h4 style=\"text-align: center;\"><span style=\"color: #008000;\"><strong>ma\u00e7on <\/strong>et<strong> laboureur<\/strong><\/span><\/h4>\n<p style=\"text-align: center;\">n\u00e9 \u00e0 Favareillas (Saint-Martin-Ch\u00e2teau)\u00a0?<\/p>\n<p style=\"text-align: center;\">vers 1702<\/p>\n<p style=\"text-align: center;\">fils de<\/p>\n<p style=\"text-align: center;\">L\u00e9onard LAROCHE \/ Marie DUFOUR<\/p>\n<p style=\"text-align: center;\">laboureurs<\/p>\n<p style=\"text-align: center;\"><span style=\"color: #ffffff;\">\u25d9<\/span><\/p>\n<p><em>L\u00e9onard \u00e9pouse L\u00e9onarde <\/em><strong>LEBRAUD<\/strong><em> le 28 f\u00e9vrier <\/em><strong>1724<\/strong><em> \u00e0 Roy\u00e8re.<\/em><\/p>\n<p><em>Ils habitent Favareillas o\u00f9 L\u00e9onard d\u00e9c\u00e8de le 27 f\u00e9vrier <\/em><strong>1742<\/strong><em>, \u00e2g\u00e9 de 40 ans environ. <\/em><\/p>\n<p><em>Sa veuve se remarie en 1745 avec Martial TRUFFY, ma\u00e7on, et d\u00e9c\u00e8de au Masfaure, paroisse de Saint-Martin, le 15 f\u00e9vrier 1775, \u00e2g\u00e9e de 67 ans. <\/em><\/p>\n","protected":false},"excerpt":{"rendered":"<p>Mis \u00e0 jour le : 25\/04\/2026L\u00e9onard LAROCHE vers 1702 \u2013 1742 ma\u00e7on et laboureur n\u00e9 \u00e0 Favareillas (Saint-Martin-Ch\u00e2teau)\u00a0? vers 1702 fils de L\u00e9onard LAROCHE \/ Marie DUFOUR laboureurs \u25d9 L\u00e9onard \u00e9pouse L\u00e9onarde LEBRAUD le 28 f\u00e9vrier 1724 \u00e0 Roy\u00e8re. Ils habitent Favareillas o\u00f9 L\u00e9onard d\u00e9c\u00e8de le 27 f\u00e9vrier 1742, \u00e2g\u00e9 de 40 ans environ. Sa ..<\/p>\n<div class=\"clear-fix\"><\/div>\n<p><a href=\"https:\/\/www.lesmaconsdelacreuse.fr\/annuaires\/lettre-l\/l_495\/\" title=\"Lire la suite...\">Lire la suite<\/a><\/p>\n","protected":false},"author":6,"featured_media":0,"comment_status":"closed","ping_status":"closed","sticky":false,"template":"","format":"standard","meta":{"_acf_changed":false,"_exactmetrics_skip_tracking":false,"_exactmetrics_sitenote_active":false,"_exactmetrics_sitenote_note":"","_exactmetrics_sitenote_category":0,"footnotes":""},"categories":[19],"tags":[],"class_list":["post-6256","post","type-post","status-publish","format-standard","hentry","category-lettre-l"],"acf":[],"_links":{"self":[{"href":"https:\/\/www.lesmaconsdelacreuse.fr\/annuaires\/wp-json\/wp\/v2\/posts\/6256","targetHints":{"allow":["GET"]}}],"collection":[{"href":"https:\/\/www.lesmaconsdelacreuse.fr\/annuaires\/wp-json\/wp\/v2\/posts"}],"about":[{"href":"https:\/\/www.lesmaconsdelacreuse.fr\/annuaires\/wp-json\/wp\/v2\/types\/post"}],"author":[{"embeddable":true,"href":"https:\/\/www.lesmaconsdelacreuse.fr\/annuaires\/wp-json\/wp\/v2\/users\/6"}],"replies":[{"embeddable":true,"href":"https:\/\/www.lesmaconsdelacreuse.fr\/annuaires\/wp-json\/wp\/v2\/comments?post=6256"}],"version-history":[{"count":0,"href":"https:\/\/www.lesmaconsdelacreuse.fr\/annuaires\/wp-json\/wp\/v2\/posts\/6256\/revisions"}],"wp:attachment":[{"href":"https:\/\/www.lesmaconsdelacreuse.fr\/annuaires\/wp-json\/wp\/v2\/media?parent=6256"}],"wp:term":[{"taxonomy":"category","embeddable":true,"href":"https:\/\/www.lesmaconsdelacreuse.fr\/annuaires\/wp-json\/wp\/v2\/categories?post=6256"},{"taxonomy":"post_tag","embeddable":true,"href":"https:\/\/www.lesmaconsdelacreuse.fr\/annuaires\/wp-json\/wp\/v2\/tags?post=6256"}],"curies":[{"name":"wp","href":"https:\/\/api.w.org\/{rel}","templated":true}]}}