{"id":6261,"date":"2019-07-28T13:41:54","date_gmt":"2019-07-28T11:41:54","guid":{"rendered":"http:\/\/lesmaconsdelacreuse.fr\/annuaire\/?p=6261"},"modified":"2020-10-05T09:10:31","modified_gmt":"2020-10-05T07:10:31","slug":"l_445","status":"publish","type":"post","link":"https:\/\/www.lesmaconsdelacreuse.fr\/annuaires\/lettre-l\/l_445\/","title":{"rendered":"LARBANEIX Pierre (1838-1895)"},"content":{"rendered":"<p class=\"last-updated\"><strong>Mis \u00e0 jour le :<\/strong> 25\/04\/2026<\/p><h2 style=\"text-align: center;\"><strong>Pierre LARBANEIX<\/strong><\/h2>\n<p style=\"text-align: center;\"><strong>1838 \u2013 1895<\/strong><\/p>\n<p style=\"text-align: center;\"><img decoding=\"async\" title=\"\" src=\"https:\/\/lesmaconsdelacreuse.fr\/annuaire\/wp-content\/uploads\/2019\/07\/image1-1508.jpg\" alt=\"\" data-source-id=\"i.0\" data-asset-id=\"6259\" \/><\/p>\n<h4 style=\"text-align: center;\"><span style=\"color: #008000;\"><a href=\"https:\/\/www.lesmaconsdelacreuse.fr\/annuaires\/wp-content\/uploads\/2020\/07\/TAILLEUR-DE-PIERRE.png\"><strong>\u25ba<\/strong> <strong><span style=\"color: #008000;\">tailleur de pierre<\/span><\/strong><\/a>\u00a0et <strong>ma\u00e7on<\/strong>; <strong>cultivateur<\/strong><\/span><\/h4>\n<p>&nbsp;<\/p>\n<p style=\"text-align: center;\">n\u00e9 \u00e0 Pramy (Saint-Pierre-le-Bost)<\/p>\n<p style=\"text-align: center;\">le 16 d\u00e9cembre 1838<\/p>\n<p style=\"text-align: center;\">fils de<\/p>\n<p style=\"text-align: center;\">Jean LARBANEIX, <span style=\"color: #008000;\"><strong>ma\u00e7on<\/strong><\/span><\/p>\n<p style=\"text-align: center;\">Marie LAVANDIER, cultivatrice<\/p>\n<p style=\"text-align: center;\"><span style=\"color: #ffffff;\">\u25d9<\/span><\/p>\n<p><em>Pierre \u00e9pouse Marie-C\u00e9cile <\/em><strong>LEROUDIER<\/strong><em> le 4 mars <\/em><strong>1867<\/strong><em> \u00e0 Saint-Pierre-le-Bost (contrat Gloumeau au Monteil-au-Vicomte). Ils habitent le village du Chiroux, commune de Saint-Pierre. <\/em><\/p>\n<p><strong>En 1848 et 1879<\/strong><em>, Pierre travaille \u00e0 <\/em><span style=\"color: #0000ff;\"><strong>Paris (75)<\/strong><\/span><em>.<\/em><\/p>\n<p><strong>En 1886 et 1888<\/strong><em>, il loge rue d\u2019Al\u00e9sia, 14e arrondissement.<\/em><\/p>\n<p><em>Les \u00e9poux d\u00e9c\u00e8dent au Chiroux\u00a0:<\/em><\/p>\n<ul>\n<li><em>Pierre, le 8 mars <\/em><strong>1895<\/strong>,<em> \u00e2g\u00e9 de 56 ans<\/em><\/li>\n<li><em>Marie C\u00e9cile, le 12 f\u00e9vrier <\/em><strong>1907<\/strong><em>, \u00e2g\u00e9e de 61 ans<\/em><\/li>\n<\/ul>\n<p>&nbsp;<\/p>\n","protected":false},"excerpt":{"rendered":"<p>Mis \u00e0 jour le : 25\/04\/2026Pierre LARBANEIX 1838 \u2013 1895 \u25ba tailleur de pierre\u00a0et ma\u00e7on; cultivateur &nbsp; n\u00e9 \u00e0 Pramy (Saint-Pierre-le-Bost) le 16 d\u00e9cembre 1838 fils de Jean LARBANEIX, ma\u00e7on Marie LAVANDIER, cultivatrice \u25d9 Pierre \u00e9pouse Marie-C\u00e9cile LEROUDIER le 4 mars 1867 \u00e0 Saint-Pierre-le-Bost (contrat Gloumeau au Monteil-au-Vicomte). Ils habitent le village du Chiroux, commune ..<\/p>\n<div class=\"clear-fix\"><\/div>\n<p><a href=\"https:\/\/www.lesmaconsdelacreuse.fr\/annuaires\/lettre-l\/l_445\/\" title=\"Lire la suite...\">Lire la suite<\/a><\/p>\n","protected":false},"author":6,"featured_media":0,"comment_status":"closed","ping_status":"closed","sticky":false,"template":"","format":"standard","meta":{"_acf_changed":false,"_exactmetrics_skip_tracking":false,"_exactmetrics_sitenote_active":false,"_exactmetrics_sitenote_note":"","_exactmetrics_sitenote_category":0,"footnotes":""},"categories":[19],"tags":[],"class_list":["post-6261","post","type-post","status-publish","format-standard","hentry","category-lettre-l"],"acf":[],"_links":{"self":[{"href":"https:\/\/www.lesmaconsdelacreuse.fr\/annuaires\/wp-json\/wp\/v2\/posts\/6261","targetHints":{"allow":["GET"]}}],"collection":[{"href":"https:\/\/www.lesmaconsdelacreuse.fr\/annuaires\/wp-json\/wp\/v2\/posts"}],"about":[{"href":"https:\/\/www.lesmaconsdelacreuse.fr\/annuaires\/wp-json\/wp\/v2\/types\/post"}],"author":[{"embeddable":true,"href":"https:\/\/www.lesmaconsdelacreuse.fr\/annuaires\/wp-json\/wp\/v2\/users\/6"}],"replies":[{"embeddable":true,"href":"https:\/\/www.lesmaconsdelacreuse.fr\/annuaires\/wp-json\/wp\/v2\/comments?post=6261"}],"version-history":[{"count":0,"href":"https:\/\/www.lesmaconsdelacreuse.fr\/annuaires\/wp-json\/wp\/v2\/posts\/6261\/revisions"}],"wp:attachment":[{"href":"https:\/\/www.lesmaconsdelacreuse.fr\/annuaires\/wp-json\/wp\/v2\/media?parent=6261"}],"wp:term":[{"taxonomy":"category","embeddable":true,"href":"https:\/\/www.lesmaconsdelacreuse.fr\/annuaires\/wp-json\/wp\/v2\/categories?post=6261"},{"taxonomy":"post_tag","embeddable":true,"href":"https:\/\/www.lesmaconsdelacreuse.fr\/annuaires\/wp-json\/wp\/v2\/tags?post=6261"}],"curies":[{"name":"wp","href":"https:\/\/api.w.org\/{rel}","templated":true}]}}