{"id":6268,"date":"2019-07-28T13:41:53","date_gmt":"2019-07-28T11:41:53","guid":{"rendered":"http:\/\/lesmaconsdelacreuse.fr\/annuaire\/?p=6268"},"modified":"2020-09-06T13:23:03","modified_gmt":"2020-09-06T11:23:03","slug":"l_432","status":"publish","type":"post","link":"https:\/\/www.lesmaconsdelacreuse.fr\/annuaires\/lettre-l\/l_432\/","title":{"rendered":"LARBANEIX L\u00e9onard Louis Albert (1874-1943)"},"content":{"rendered":"<p class=\"last-updated\"><strong>Mis \u00e0 jour le :<\/strong> 25\/04\/2026<\/p><h2 style=\"text-align: center;\"><strong>L\u00e9onard Louis Albert LARBANEIX<\/strong><\/h2>\n<p style=\"text-align: center;\"><strong>1874 \u2013 1943<\/strong><\/p>\n<p style=\"text-align: center;\"><a href=\"https:\/\/www.lesmaconsdelacreuse.fr\/annuaires\/wp-content\/uploads\/2019\/07\/larbaneix.jpg\"><img loading=\"lazy\" decoding=\"async\" class=\"alignnone  wp-image-178174\" src=\"https:\/\/www.lesmaconsdelacreuse.fr\/annuaires\/wp-content\/uploads\/2019\/07\/larbaneix.jpg\" alt=\"\" width=\"212\" height=\"46\" srcset=\"https:\/\/www.lesmaconsdelacreuse.fr\/annuaires\/wp-content\/uploads\/2019\/07\/larbaneix.jpg 152w, https:\/\/www.lesmaconsdelacreuse.fr\/annuaires\/wp-content\/uploads\/2019\/07\/larbaneix-150x33.jpg 150w\" sizes=\"auto, (max-width: 212px) 100vw, 212px\" \/><\/a><\/p>\n<p>&nbsp;<\/p>\n<p style=\"text-align: center;\">\n<h4 style=\"text-align: center;\"><span style=\"color: #008000;\"><strong>ma\u00e7on<\/strong><\/span><\/h4>\n<p style=\"text-align: center;\">n\u00e9 \u00e0 Grandjanon (Saint-Pierre-le-Bost)<\/p>\n<p style=\"text-align: center;\">le 2 octobre 1874<\/p>\n<p style=\"text-align: center;\">fils de<\/p>\n<p style=\"text-align: center;\">L\u00e9onard LARBANEIX, <span style=\"color: #008000;\"><strong>ma\u00e7on <\/strong><\/span><strong>\/ <\/strong>Marie LEGROS<\/p>\n<p style=\"text-align: center;\">propri\u00e9taires cultivateurs<\/p>\n<p style=\"text-align: center;\"><span style=\"color: #ffffff;\">\u25d9<\/span><\/p>\n<p><strong>En 1895<\/strong><em>, L\u00e9onard travaille dans la <\/em><span style=\"color: #0000ff;\"><strong>Seine <\/strong><\/span><em>et y passe le conseil de r\u00e9vision.<\/em><\/p>\n<p><strong>En 1898 et 1902<\/strong><em>, il habite <\/em><span style=\"color: #0000ff;\"><strong>Paris (75)<\/strong><\/span><em> 33, rue Pernety dans le 14e arrondissement.<\/em><\/p>\n<p><em> Il \u00e9pouse le 18 janvier <\/em><strong>1902<\/strong><em> \u00e0 Paris 14e Eug\u00e9nie Am\u00e9lie <\/em><strong>CR\u00c9TIN<\/strong><em>, parisienne sans profession (mari\u00e9s sans contrat).<\/em><\/p>\n<p><em> Ils logent au 29 de la m\u00eame rue\u00a0;<\/em><\/p>\n<p><strong>en 1908<\/strong><em>, 64, rue Saint-Louis-en-l\u2019Ile\u00a0;<\/em><\/p>\n<p><strong>en 1911<\/strong><em>, 32, place Maubert dans le 5e arrondissement.<\/em><\/p>\n<p><strong>En 1912<\/strong><em>, Ils habitent <\/em><span style=\"color: #0000ff;\"><strong>Malakoff (92)<\/strong><\/span><em>, 6, rue des Plantes\u00a0;<\/em><\/p>\n<p><strong>en 1943<\/strong><em>, 36, rue du Cotentin, Paris 15e.<\/em><\/p>\n<p><em>L\u00e9onard d\u00e9c\u00e8de \u00e0 Paris 15e le 10 novembre de la m\u00eame ann\u00e9e, \u00e2g\u00e9 de 69 ans, \u00e0 l\u2019h\u00f4pital, 37, rue des Volontaires.<\/em><\/p>\n<p>&nbsp;<\/p>\n","protected":false},"excerpt":{"rendered":"<p>Mis \u00e0 jour le : 25\/04\/2026L\u00e9onard Louis Albert LARBANEIX 1874 \u2013 1943 &nbsp; ma\u00e7on n\u00e9 \u00e0 Grandjanon (Saint-Pierre-le-Bost) le 2 octobre 1874 fils de L\u00e9onard LARBANEIX, ma\u00e7on \/ Marie LEGROS propri\u00e9taires cultivateurs \u25d9 En 1895, L\u00e9onard travaille dans la Seine et y passe le conseil de r\u00e9vision. En 1898 et 1902, il habite Paris (75) ..<\/p>\n<div class=\"clear-fix\"><\/div>\n<p><a href=\"https:\/\/www.lesmaconsdelacreuse.fr\/annuaires\/lettre-l\/l_432\/\" title=\"Lire la suite...\">Lire la suite<\/a><\/p>\n","protected":false},"author":6,"featured_media":0,"comment_status":"closed","ping_status":"closed","sticky":false,"template":"","format":"standard","meta":{"_acf_changed":false,"_exactmetrics_skip_tracking":false,"_exactmetrics_sitenote_active":false,"_exactmetrics_sitenote_note":"","_exactmetrics_sitenote_category":0,"footnotes":""},"categories":[19],"tags":[],"class_list":["post-6268","post","type-post","status-publish","format-standard","hentry","category-lettre-l"],"acf":[],"_links":{"self":[{"href":"https:\/\/www.lesmaconsdelacreuse.fr\/annuaires\/wp-json\/wp\/v2\/posts\/6268","targetHints":{"allow":["GET"]}}],"collection":[{"href":"https:\/\/www.lesmaconsdelacreuse.fr\/annuaires\/wp-json\/wp\/v2\/posts"}],"about":[{"href":"https:\/\/www.lesmaconsdelacreuse.fr\/annuaires\/wp-json\/wp\/v2\/types\/post"}],"author":[{"embeddable":true,"href":"https:\/\/www.lesmaconsdelacreuse.fr\/annuaires\/wp-json\/wp\/v2\/users\/6"}],"replies":[{"embeddable":true,"href":"https:\/\/www.lesmaconsdelacreuse.fr\/annuaires\/wp-json\/wp\/v2\/comments?post=6268"}],"version-history":[{"count":0,"href":"https:\/\/www.lesmaconsdelacreuse.fr\/annuaires\/wp-json\/wp\/v2\/posts\/6268\/revisions"}],"wp:attachment":[{"href":"https:\/\/www.lesmaconsdelacreuse.fr\/annuaires\/wp-json\/wp\/v2\/media?parent=6268"}],"wp:term":[{"taxonomy":"category","embeddable":true,"href":"https:\/\/www.lesmaconsdelacreuse.fr\/annuaires\/wp-json\/wp\/v2\/categories?post=6268"},{"taxonomy":"post_tag","embeddable":true,"href":"https:\/\/www.lesmaconsdelacreuse.fr\/annuaires\/wp-json\/wp\/v2\/tags?post=6268"}],"curies":[{"name":"wp","href":"https:\/\/api.w.org\/{rel}","templated":true}]}}