{"id":6275,"date":"2019-07-28T13:41:53","date_gmt":"2019-07-28T11:41:53","guid":{"rendered":"http:\/\/lesmaconsdelacreuse.fr\/annuaire\/?p=6275"},"modified":"2020-01-20T11:27:00","modified_gmt":"2020-01-20T10:27:00","slug":"l_418","status":"publish","type":"post","link":"https:\/\/www.lesmaconsdelacreuse.fr\/annuaires\/lettre-l\/l_418\/","title":{"rendered":"LARBANEIX Jean (1732-apr\u00e8s 1772)"},"content":{"rendered":"<p class=\"last-updated\"><strong>Mis \u00e0 jour le :<\/strong> 25\/04\/2026<\/p><h2 style=\"text-align: center;\"><strong>Jean LARBANEIX<\/strong><\/h2>\n<p style=\"text-align: center;\"><strong>1732 \u2013 apr\u00e8s 1772<\/strong><\/p>\n<p style=\"text-align: center;\"><img decoding=\"async\" title=\"\" src=\"https:\/\/lesmaconsdelacreuse.fr\/annuaire\/wp-content\/uploads\/2019\/07\/image1-1511.jpg\" alt=\"\" data-source-id=\"i.0\" data-asset-id=\"6274\" \/><\/p>\n<h4 style=\"text-align: center;\"><span style=\"color: #008000;\"><strong>ma\u00e7on <\/strong>et<strong> laboureur<\/strong><\/span><\/h4>\n<p style=\"text-align: center;\">n\u00e9 \u00e0 La Prade (Saint-Pierre-le-Bost)<\/p>\n<p style=\"text-align: center;\">le 6 mai 1732<\/p>\n<p style=\"text-align: center;\">fils de<\/p>\n<p style=\"text-align: center;\">L\u00e9onard LARBANEIX \/ Anne CONCHONNET<\/p>\n<p style=\"text-align: center;\">cultivateurs<\/p>\n<p style=\"text-align: center;\"><span style=\"color: #ffffff;\">\u25d9<\/span><\/p>\n<p><em>Jean \u00e9pouse Th\u00e9r\u00e8se <\/em><strong>GARDELLE<\/strong><em> le 4 f\u00e9vrier \u25ba<\/em><span style=\"color: #000000;\"><strong><a target=\"_blank\"style=\"color: #000000;\" href=\"https:\/\/www.lesmaconsdelacreuse.fr\/annuaires\/\/wp-content\/uploads\/DOCUMENTS\/1755_-_Jean_LARBANEIX_-_CM.pdf\">1755<\/a><\/strong><\/span><em> au Compeix (contrat Coutisson \u00e0 Roy\u00e8re).<\/em><\/p>\n<p><em>Par son contrat de mariage, il promet d\u2019apporter chez ses beaux-parents chez lesquels il va demeurer avec son \u00e9pouse, \u00ab\u00a0toutes ses peines, gains et travaux\u00a0\u00bb, c&rsquo;est-\u00e0-dire tout ce qu\u2019il va gagner pendant ses campagnes.<\/em><\/p>\n<p><em> Ils habitent Le Picq, commune de Morterolles.<\/em><\/p>\n<p><em>Th\u00e9r\u00e8se d\u00e9c\u00e8de veuve \u00e0 La Villatte, commune de Saint-Junien-la-Breg\u00e8re, le 21 mars <\/em><strong>1807<\/strong><em>, \u00e2g\u00e9e de 66 ans. <\/em><\/p>\n","protected":false},"excerpt":{"rendered":"<p>Mis \u00e0 jour le : 25\/04\/2026Jean LARBANEIX 1732 \u2013 apr\u00e8s 1772 ma\u00e7on et laboureur n\u00e9 \u00e0 La Prade (Saint-Pierre-le-Bost) le 6 mai 1732 fils de L\u00e9onard LARBANEIX \/ Anne CONCHONNET cultivateurs \u25d9 Jean \u00e9pouse Th\u00e9r\u00e8se GARDELLE le 4 f\u00e9vrier \u25ba1755 au Compeix (contrat Coutisson \u00e0 Roy\u00e8re). Par son contrat de mariage, il promet d\u2019apporter chez ..<\/p>\n<div class=\"clear-fix\"><\/div>\n<p><a href=\"https:\/\/www.lesmaconsdelacreuse.fr\/annuaires\/lettre-l\/l_418\/\" title=\"Lire la suite...\">Lire la suite<\/a><\/p>\n","protected":false},"author":6,"featured_media":0,"comment_status":"closed","ping_status":"closed","sticky":false,"template":"","format":"standard","meta":{"_acf_changed":false,"_exactmetrics_skip_tracking":false,"_exactmetrics_sitenote_active":false,"_exactmetrics_sitenote_note":"","_exactmetrics_sitenote_category":0,"footnotes":""},"categories":[19],"tags":[],"class_list":["post-6275","post","type-post","status-publish","format-standard","hentry","category-lettre-l"],"acf":[],"_links":{"self":[{"href":"https:\/\/www.lesmaconsdelacreuse.fr\/annuaires\/wp-json\/wp\/v2\/posts\/6275","targetHints":{"allow":["GET"]}}],"collection":[{"href":"https:\/\/www.lesmaconsdelacreuse.fr\/annuaires\/wp-json\/wp\/v2\/posts"}],"about":[{"href":"https:\/\/www.lesmaconsdelacreuse.fr\/annuaires\/wp-json\/wp\/v2\/types\/post"}],"author":[{"embeddable":true,"href":"https:\/\/www.lesmaconsdelacreuse.fr\/annuaires\/wp-json\/wp\/v2\/users\/6"}],"replies":[{"embeddable":true,"href":"https:\/\/www.lesmaconsdelacreuse.fr\/annuaires\/wp-json\/wp\/v2\/comments?post=6275"}],"version-history":[{"count":0,"href":"https:\/\/www.lesmaconsdelacreuse.fr\/annuaires\/wp-json\/wp\/v2\/posts\/6275\/revisions"}],"wp:attachment":[{"href":"https:\/\/www.lesmaconsdelacreuse.fr\/annuaires\/wp-json\/wp\/v2\/media?parent=6275"}],"wp:term":[{"taxonomy":"category","embeddable":true,"href":"https:\/\/www.lesmaconsdelacreuse.fr\/annuaires\/wp-json\/wp\/v2\/categories?post=6275"},{"taxonomy":"post_tag","embeddable":true,"href":"https:\/\/www.lesmaconsdelacreuse.fr\/annuaires\/wp-json\/wp\/v2\/tags?post=6275"}],"curies":[{"name":"wp","href":"https:\/\/api.w.org\/{rel}","templated":true}]}}