{"id":6276,"date":"2019-07-28T13:41:53","date_gmt":"2019-07-28T11:41:53","guid":{"rendered":"http:\/\/lesmaconsdelacreuse.fr\/annuaire\/?p=6276"},"modified":"2020-01-20T11:27:00","modified_gmt":"2020-01-20T10:27:00","slug":"l_431","status":"publish","type":"post","link":"https:\/\/www.lesmaconsdelacreuse.fr\/annuaires\/lettre-l\/l_431\/","title":{"rendered":"LARBANEIX L\u00e9onard Auguste (1855-1902)"},"content":{"rendered":"<p class=\"last-updated\"><strong>Mis \u00e0 jour le :<\/strong> 25\/04\/2026<\/p><h2 style=\"text-align: center;\"><strong>L\u00e9onard Auguste LARBANEIX<\/strong><\/h2>\n<p style=\"text-align: center;\"><strong>1855 &#8211; 1902<\/strong><\/p>\n<h4 style=\"text-align: center;\"><span style=\"color: #008000;\"><strong>ma\u00e7on<\/strong><\/span><\/h4>\n<p style=\"text-align: center;\">n\u00e9 \u00e0 Grandjanon (Saint-Pierre-le-Bost)<\/p>\n<p style=\"text-align: center;\">le 27 octobre 1855<\/p>\n<p style=\"text-align: center;\">fils de<\/p>\n<p style=\"text-align: center;\">Louis LARBANEIX, <span style=\"color: #008000;\"><strong>ma\u00e7on<\/strong><\/span> et meunier<\/p>\n<p style=\"text-align: center;\">Jeanne COUTY, cultivatrice<\/p>\n<p style=\"text-align: center;\"><span style=\"color: #ffffff;\">\u25d9<\/span><\/p>\n<p><strong>En 1876<\/strong><em>, L\u00e9onard travaille dans la <\/em><span style=\"color: #0000ff;\"><strong>Seine<\/strong><\/span><em> et y passe le conseil de r\u00e9vision.<\/em><\/p>\n<p><em>A une \u00e9poque, il habite 5, rue Saint-M\u00e9dard \u00e0 <\/em><span style=\"color: #0000ff;\"><strong>Paris (75)<\/strong><\/span><em>.<\/em><\/p>\n<p><strong>En 1885<\/strong><em>, il est condamn\u00e9 par la cour d\u2019appel de Paris \u00e0 15 mois de prison pour coups et blessures volontaires.<\/em><\/p>\n<p><em>Il d\u00e9c\u00e8de <\/em><strong>c\u00e9libataire<\/strong><em> \u00e0 la prison de <\/em><strong>Fresnes (94)<\/strong><em>, le 13 ao\u00fbt <\/em><strong>1902<\/strong><em>, \u00e2g\u00e9 de 46 ans.<\/em><\/p>\n","protected":false},"excerpt":{"rendered":"<p>Mis \u00e0 jour le : 25\/04\/2026L\u00e9onard Auguste LARBANEIX 1855 &#8211; 1902 ma\u00e7on n\u00e9 \u00e0 Grandjanon (Saint-Pierre-le-Bost) le 27 octobre 1855 fils de Louis LARBANEIX, ma\u00e7on et meunier Jeanne COUTY, cultivatrice \u25d9 En 1876, L\u00e9onard travaille dans la Seine et y passe le conseil de r\u00e9vision. A une \u00e9poque, il habite 5, rue Saint-M\u00e9dard \u00e0 Paris ..<\/p>\n<div class=\"clear-fix\"><\/div>\n<p><a href=\"https:\/\/www.lesmaconsdelacreuse.fr\/annuaires\/lettre-l\/l_431\/\" title=\"Lire la suite...\">Lire la suite<\/a><\/p>\n","protected":false},"author":6,"featured_media":0,"comment_status":"closed","ping_status":"closed","sticky":false,"template":"","format":"standard","meta":{"_acf_changed":false,"_exactmetrics_skip_tracking":false,"_exactmetrics_sitenote_active":false,"_exactmetrics_sitenote_note":"","_exactmetrics_sitenote_category":0,"footnotes":""},"categories":[19],"tags":[],"class_list":["post-6276","post","type-post","status-publish","format-standard","hentry","category-lettre-l"],"acf":[],"_links":{"self":[{"href":"https:\/\/www.lesmaconsdelacreuse.fr\/annuaires\/wp-json\/wp\/v2\/posts\/6276","targetHints":{"allow":["GET"]}}],"collection":[{"href":"https:\/\/www.lesmaconsdelacreuse.fr\/annuaires\/wp-json\/wp\/v2\/posts"}],"about":[{"href":"https:\/\/www.lesmaconsdelacreuse.fr\/annuaires\/wp-json\/wp\/v2\/types\/post"}],"author":[{"embeddable":true,"href":"https:\/\/www.lesmaconsdelacreuse.fr\/annuaires\/wp-json\/wp\/v2\/users\/6"}],"replies":[{"embeddable":true,"href":"https:\/\/www.lesmaconsdelacreuse.fr\/annuaires\/wp-json\/wp\/v2\/comments?post=6276"}],"version-history":[{"count":0,"href":"https:\/\/www.lesmaconsdelacreuse.fr\/annuaires\/wp-json\/wp\/v2\/posts\/6276\/revisions"}],"wp:attachment":[{"href":"https:\/\/www.lesmaconsdelacreuse.fr\/annuaires\/wp-json\/wp\/v2\/media?parent=6276"}],"wp:term":[{"taxonomy":"category","embeddable":true,"href":"https:\/\/www.lesmaconsdelacreuse.fr\/annuaires\/wp-json\/wp\/v2\/categories?post=6276"},{"taxonomy":"post_tag","embeddable":true,"href":"https:\/\/www.lesmaconsdelacreuse.fr\/annuaires\/wp-json\/wp\/v2\/tags?post=6276"}],"curies":[{"name":"wp","href":"https:\/\/api.w.org\/{rel}","templated":true}]}}