{"id":6278,"date":"2019-07-28T13:41:53","date_gmt":"2019-07-28T11:41:53","guid":{"rendered":"http:\/\/lesmaconsdelacreuse.fr\/annuaire\/?p=6278"},"modified":"2020-09-27T08:15:54","modified_gmt":"2020-09-27T06:15:54","slug":"l_444","status":"publish","type":"post","link":"https:\/\/www.lesmaconsdelacreuse.fr\/annuaires\/lettre-l\/l_444\/","title":{"rendered":"LARBANEIX Pierre (1829-1888)"},"content":{"rendered":"<p class=\"last-updated\"><strong>Mis \u00e0 jour le :<\/strong> 25\/04\/2026<\/p><h2 style=\"text-align: center;\"><strong>Pierre LARBANEIX<\/strong><\/h2>\n<p style=\"text-align: center;\"><strong>1829 \u2013 1888<\/strong><\/p>\n<p style=\"text-align: center;\"><img decoding=\"async\" title=\"\" src=\"https:\/\/lesmaconsdelacreuse.fr\/annuaire\/wp-content\/uploads\/2019\/07\/image1-1512.jpg\" alt=\"\" data-source-id=\"i.0\" data-asset-id=\"6277\" \/><\/p>\n<h4 style=\"text-align: center;\"><span style=\"color: #008000;\"><strong>ma\u00e7on <\/strong>puis<strong> employ\u00e9 au gaz<\/strong><\/span><\/h4>\n<p>&nbsp;<\/p>\n<p style=\"text-align: center;\">n\u00e9 \u00e0 La Parade (Saint-Pierre-le-Bost)<\/p>\n<p style=\"text-align: center;\">le 3 ao\u00fbt 1829<\/p>\n<p style=\"text-align: center;\">fils de<\/p>\n<p style=\"text-align: center;\">Gabriel LARBANEIX, <span style=\"color: #008000;\"><strong>ma\u00e7on<\/strong><\/span><\/p>\n<p style=\"text-align: center;\">Anne NIZOU, cultivatrice<\/p>\n<p style=\"text-align: center;\"><span style=\"color: #ffffff;\">\u25d9<\/span><\/p>\n<p><em>Pierre, <\/em><span style=\"color: #008000;\"><strong>ma\u00e7on<\/strong><\/span><em>, \u00e9pouse Anne <\/em><strong>VERSAVAUD<\/strong><em> le 24 f\u00e9vrier <\/em><strong>1851<\/strong><em> \u00e0 Roy\u00e8re (contrat JB Junien Faure de Saint-Martin-Ch\u00e2teau). Le couple vit \u00e0 La Parade. <\/em><\/p>\n<p><strong>En 1852<\/strong><em>, Pierre travaille \u00e0 <\/em><span style=\"color: #0000ff;\"><strong>Lyon (69)<\/strong><\/span><em>. <\/em><\/p>\n<p><em>Anne d\u00e9c\u00e8de \u00e0 la Parade le 13 d\u00e9cembre <\/em><strong>1854<\/strong><em>, \u00e2g\u00e9e de 22 ans. <\/em><\/p>\n<p><strong>En 1860 et 1862<\/strong><em>, Pierre habite Lyon, rue des Martyrs.<\/em><\/p>\n<p><em>Il se remarie \u00e0 Lyon 3e le 6 mai <\/em><strong>1862 <\/strong><em>avec Marie <\/em><strong>NOTTE<\/strong><em>, couturi\u00e8re n\u00e9e dans la commune de Roy\u00e8re (mari\u00e9s sans contrat). <\/em><\/p>\n<p><em>Le couple habite ensuite 18, rue du Gazom\u00e8tre, 3e arrondissement\u00a0;<\/em><\/p>\n<p><strong>de \u00a01868 \u00e0 1878<\/strong><em>, de nouveau 18, rue du Gazom\u00e8tre.<\/em><\/p>\n<p><em>Marie NOTTE d\u00e9c\u00e8de \u00e0 cette adresse, le 22 novembre <\/em><strong>1878<\/strong><em>, \u00e0 Lyon 3e, \u00e2g\u00e9e de 45 ans. <\/em><\/p>\n<p><strong>En 1879<\/strong><em><strong>,<\/strong> Pierre est <\/em><span style=\"color: #008000;\"><strong>employ\u00e9 au gaz<\/strong><\/span><em>.<\/em><\/p>\n<p><em>Il se remarie le 18 septembre <\/em><em>de la m\u00eame ann\u00e9e, \u00e0 Lyon 3e avec Marguerite <\/em><strong>DELORME<\/strong><em>, veuve, \u25ba<a href=\"https:\/\/www.lesmaconsdelacreuse.fr\/annuaires\/\/wp-content\/uploads\/LEXIQUE\/DEBITANT_-_DEBITANTE.pdf\" target=\"_blank\" rel=\"noopener noreferrer\">d\u00e9bitante<\/a><\/em> <em>de boissons originaire du Puy-de-D\u00f4me (mari\u00e9s sans contrat). <\/em><\/p>\n<p><em> Ils d\u00e9c\u00e8dent en leur domicile de la rue du Gazom\u00e8tre:<\/em><\/p>\n<ul>\n<li><em>Pierre, employ\u00e9, le 13 mai <\/em><strong>1888<\/strong><em>, \u00e2g\u00e9 de 58 ans<\/em><\/li>\n<li><em>Marguerite, le 1er f\u00e9vrier <\/em><strong>1898<\/strong><em>, \u00e2g\u00e9e de 72 ans<\/em><\/li>\n<\/ul>\n","protected":false},"excerpt":{"rendered":"<p>Mis \u00e0 jour le : 25\/04\/2026Pierre LARBANEIX 1829 \u2013 1888 ma\u00e7on puis employ\u00e9 au gaz &nbsp; n\u00e9 \u00e0 La Parade (Saint-Pierre-le-Bost) le 3 ao\u00fbt 1829 fils de Gabriel LARBANEIX, ma\u00e7on Anne NIZOU, cultivatrice \u25d9 Pierre, ma\u00e7on, \u00e9pouse Anne VERSAVAUD le 24 f\u00e9vrier 1851 \u00e0 Roy\u00e8re (contrat JB Junien Faure de Saint-Martin-Ch\u00e2teau). Le couple vit \u00e0 ..<\/p>\n<div class=\"clear-fix\"><\/div>\n<p><a href=\"https:\/\/www.lesmaconsdelacreuse.fr\/annuaires\/lettre-l\/l_444\/\" title=\"Lire la suite...\">Lire la suite<\/a><\/p>\n","protected":false},"author":6,"featured_media":0,"comment_status":"closed","ping_status":"closed","sticky":false,"template":"","format":"standard","meta":{"_acf_changed":false,"_exactmetrics_skip_tracking":false,"_exactmetrics_sitenote_active":false,"_exactmetrics_sitenote_note":"","_exactmetrics_sitenote_category":0,"footnotes":""},"categories":[19],"tags":[],"class_list":["post-6278","post","type-post","status-publish","format-standard","hentry","category-lettre-l"],"acf":[],"_links":{"self":[{"href":"https:\/\/www.lesmaconsdelacreuse.fr\/annuaires\/wp-json\/wp\/v2\/posts\/6278","targetHints":{"allow":["GET"]}}],"collection":[{"href":"https:\/\/www.lesmaconsdelacreuse.fr\/annuaires\/wp-json\/wp\/v2\/posts"}],"about":[{"href":"https:\/\/www.lesmaconsdelacreuse.fr\/annuaires\/wp-json\/wp\/v2\/types\/post"}],"author":[{"embeddable":true,"href":"https:\/\/www.lesmaconsdelacreuse.fr\/annuaires\/wp-json\/wp\/v2\/users\/6"}],"replies":[{"embeddable":true,"href":"https:\/\/www.lesmaconsdelacreuse.fr\/annuaires\/wp-json\/wp\/v2\/comments?post=6278"}],"version-history":[{"count":0,"href":"https:\/\/www.lesmaconsdelacreuse.fr\/annuaires\/wp-json\/wp\/v2\/posts\/6278\/revisions"}],"wp:attachment":[{"href":"https:\/\/www.lesmaconsdelacreuse.fr\/annuaires\/wp-json\/wp\/v2\/media?parent=6278"}],"wp:term":[{"taxonomy":"category","embeddable":true,"href":"https:\/\/www.lesmaconsdelacreuse.fr\/annuaires\/wp-json\/wp\/v2\/categories?post=6278"},{"taxonomy":"post_tag","embeddable":true,"href":"https:\/\/www.lesmaconsdelacreuse.fr\/annuaires\/wp-json\/wp\/v2\/tags?post=6278"}],"curies":[{"name":"wp","href":"https:\/\/api.w.org\/{rel}","templated":true}]}}