{"id":6280,"date":"2019-07-28T13:41:53","date_gmt":"2019-07-28T11:41:53","guid":{"rendered":"http:\/\/lesmaconsdelacreuse.fr\/annuaire\/?p=6280"},"modified":"2020-01-20T11:26:59","modified_gmt":"2020-01-20T10:26:59","slug":"l_435","status":"publish","type":"post","link":"https:\/\/www.lesmaconsdelacreuse.fr\/annuaires\/lettre-l\/l_435\/","title":{"rendered":"LARBANEIX Michel (1811-1878)"},"content":{"rendered":"<p class=\"last-updated\"><strong>Mis \u00e0 jour le :<\/strong> 25\/04\/2026<\/p><h2 style=\"text-align: center;\"><strong>Michel LARBANEIX<\/strong><\/h2>\n<p style=\"text-align: center;\"><strong>1811 \u2013 1878<\/strong><\/p>\n<p style=\"text-align: center;\"><img decoding=\"async\" title=\"\" src=\"https:\/\/lesmaconsdelacreuse.fr\/annuaire\/wp-content\/uploads\/2019\/07\/image1-1513.jpg\" alt=\"\" data-source-id=\"i.0\" data-asset-id=\"6279\" \/><\/p>\n<h4 style=\"text-align: center;\"><span style=\"color: #008000;\"><strong>ma\u00e7on<\/strong><\/span><\/h4>\n<p style=\"text-align: center;\">n\u00e9 \u00e0 Beauvais (Saint-Pierre-le-Bost)<\/p>\n<p style=\"text-align: center;\">le 29 juin 1811<\/p>\n<p style=\"text-align: center;\">fils de<\/p>\n<p style=\"text-align: center;\">Michel LARBANEIX \/ Marie RAYNAUD<\/p>\n<p style=\"text-align: center;\">cultivateurs<\/p>\n<p style=\"text-align: center;\"><span style=\"color: #ffffff;\">\u25d9<\/span><\/p>\n<p><em>Michel \u00e9pouse Marie <\/em><strong>MOUNAUD <\/strong><em>le 3 f\u00e9vrier <\/em><strong>1835<\/strong><em> \u00e0 Saint-Pierre (contrat Berger \u00e0 Bourganeuf). Ils habitent Grandjanon, commune de Saint-Pierre.<\/em><\/p>\n<p><strong>En 1844<\/strong><em>, Michel travaille \u00e0 <\/em><span style=\"color: #0000ff;\"><strong>Paris (75)<\/strong><\/span><em>, et loge 13, rue Saint-Paul, dans le 4e arrondissement.<\/em><\/p>\n<p><em>Marie d\u00e9c\u00e8de \u00e0 Grandjanon le 31 mars <\/em><strong>1873<\/strong><em>, \u00e2g\u00e9e de 57 ans.<\/em><\/p>\n<p><em> Michel se remarie le 13 mars <\/em><strong>1875<\/strong> <em>\u00e0 Saint-Pierre avec Marguerite <\/em><strong>NEYRET<\/strong><em> (mari\u00e9s sans contrat). <\/em><\/p>\n<p><em>Michel d\u00e9c\u00e8de \u00e0 Grandjanon le 31 mars <\/em><strong>1878<\/strong><em>, \u00e2g\u00e9 de 66 ans.<\/em><\/p>\n","protected":false},"excerpt":{"rendered":"<p>Mis \u00e0 jour le : 25\/04\/2026Michel LARBANEIX 1811 \u2013 1878 ma\u00e7on n\u00e9 \u00e0 Beauvais (Saint-Pierre-le-Bost) le 29 juin 1811 fils de Michel LARBANEIX \/ Marie RAYNAUD cultivateurs \u25d9 Michel \u00e9pouse Marie MOUNAUD le 3 f\u00e9vrier 1835 \u00e0 Saint-Pierre (contrat Berger \u00e0 Bourganeuf). Ils habitent Grandjanon, commune de Saint-Pierre. En 1844, Michel travaille \u00e0 Paris (75), ..<\/p>\n<div class=\"clear-fix\"><\/div>\n<p><a href=\"https:\/\/www.lesmaconsdelacreuse.fr\/annuaires\/lettre-l\/l_435\/\" title=\"Lire la suite...\">Lire la suite<\/a><\/p>\n","protected":false},"author":6,"featured_media":0,"comment_status":"closed","ping_status":"closed","sticky":false,"template":"","format":"standard","meta":{"_acf_changed":false,"_exactmetrics_skip_tracking":false,"_exactmetrics_sitenote_active":false,"_exactmetrics_sitenote_note":"","_exactmetrics_sitenote_category":0,"footnotes":""},"categories":[19],"tags":[],"class_list":["post-6280","post","type-post","status-publish","format-standard","hentry","category-lettre-l"],"acf":[],"_links":{"self":[{"href":"https:\/\/www.lesmaconsdelacreuse.fr\/annuaires\/wp-json\/wp\/v2\/posts\/6280","targetHints":{"allow":["GET"]}}],"collection":[{"href":"https:\/\/www.lesmaconsdelacreuse.fr\/annuaires\/wp-json\/wp\/v2\/posts"}],"about":[{"href":"https:\/\/www.lesmaconsdelacreuse.fr\/annuaires\/wp-json\/wp\/v2\/types\/post"}],"author":[{"embeddable":true,"href":"https:\/\/www.lesmaconsdelacreuse.fr\/annuaires\/wp-json\/wp\/v2\/users\/6"}],"replies":[{"embeddable":true,"href":"https:\/\/www.lesmaconsdelacreuse.fr\/annuaires\/wp-json\/wp\/v2\/comments?post=6280"}],"version-history":[{"count":0,"href":"https:\/\/www.lesmaconsdelacreuse.fr\/annuaires\/wp-json\/wp\/v2\/posts\/6280\/revisions"}],"wp:attachment":[{"href":"https:\/\/www.lesmaconsdelacreuse.fr\/annuaires\/wp-json\/wp\/v2\/media?parent=6280"}],"wp:term":[{"taxonomy":"category","embeddable":true,"href":"https:\/\/www.lesmaconsdelacreuse.fr\/annuaires\/wp-json\/wp\/v2\/categories?post=6280"},{"taxonomy":"post_tag","embeddable":true,"href":"https:\/\/www.lesmaconsdelacreuse.fr\/annuaires\/wp-json\/wp\/v2\/tags?post=6280"}],"curies":[{"name":"wp","href":"https:\/\/api.w.org\/{rel}","templated":true}]}}