{"id":6284,"date":"2019-07-28T13:41:52","date_gmt":"2019-07-28T11:41:52","guid":{"rendered":"http:\/\/lesmaconsdelacreuse.fr\/annuaire\/?p=6284"},"modified":"2022-12-13T14:32:28","modified_gmt":"2022-12-13T13:32:28","slug":"l_458","status":"publish","type":"post","link":"https:\/\/www.lesmaconsdelacreuse.fr\/annuaires\/lettre-l\/l_458\/","title":{"rendered":"LARFOUILLAUD L\u00e9onard (vers 1640-1708)"},"content":{"rendered":"<p class=\"last-updated\"><strong>Mis \u00e0 jour le :<\/strong> 25\/04\/2026<\/p><h2 style=\"text-align: center;\"><strong>L\u00e9onard LARFOUILLAUD<\/strong><\/h2>\n<p style=\"text-align: center;\"><strong>L\u00e9onard LARFOUILLAUD le jeune<\/strong><\/p>\n<p style=\"text-align: center;\"><strong>vers 1640 \u2013 1708<\/strong><\/p>\n<p style=\"text-align: center;\"><img decoding=\"async\" title=\"\" src=\"https:\/\/lesmaconsdelacreuse.fr\/annuaire\/wp-content\/uploads\/2019\/07\/image1-1515.jpg\" alt=\"\" data-source-id=\"i.0\" data-asset-id=\"6283\" \/><\/p>\n<h4 style=\"text-align: center;\"><span style=\"color: #008000;\"><strong>ma\u00e7on <\/strong>et<strong> laboureur<\/strong><\/span><\/h4>\n<p style=\"text-align: center;\">de Vergnolas (Roy\u00e8re)<\/p>\n<p style=\"text-align: center;\"><span style=\"color: #ffffff;\">\u25d9<\/span><\/p>\n<p><em>L\u00e9onard \u00e9pouse L\u00e9onarde <\/em><strong>MOUNICHON<\/strong> avant 1666<em>.<\/em><\/p>\n<p><em>Ils habitent d\u2019abord Vergnolas au moins <\/em>jusqu\u2019en 1679.<\/p>\n<p>Vers 1881<em>, ils sont \u00a0\u00e0 <\/em><span style=\"color: #0000ff;\"><strong>Saint-Laurent-en-Brionnais (71)<\/strong><\/span><em> .<\/em><\/p>\n<p><em>L\u00e9onard et ses quatre fils n\u00e9s \u00e0 Vergnolas (Fran\u00e7ois, \u00c9tienne, Jean et autre Jean) participent \u00e0 la construction du \u00a0<\/em><span style=\"color: #000000;\"><em>\u25ba<\/em><\/span><a href=\"https:\/\/www.lesmaconsdelacreuse.fr\/annuaires\/wp-content\/uploads\/2019\/07\/CHATEAU-DE-DR\u00c9E.jpg\" target=\"_blank\" rel=\"noopener noreferrer\"><span style=\"color: #000000;\">ch\u00e2teau de Dr\u00e9e<\/span><\/a><em>, dans la commune de Curbigny (71).<\/em><\/p>\n<p><em>(ch\u00e2teau \u00e9difi\u00e9 \u00e0 partir des ann\u00e9es 1650 par Fran\u00e7ois de Bonne de Cr\u00e9quy, 3<sup>e<\/sup> duc de Lesdigui\u00e8res, et gouverneur du \u25ba <a href=\"https:\/\/www.lesmaconsdelacreuse.fr\/annuaires\/wp-content\/uploads\/2019\/08\/DAUPHIN\u00c9.png\" target=\"_blank\" rel=\"noopener noreferrer\">Dauphin\u00e9<\/a>)<\/em><\/p>\n<p><em>Les \u00e9poux \u00a0d\u00e9c\u00e8dent\u00a0\u00e0 Saint-Laurent\u00a0:<\/em><\/p>\n<ul>\n<li><em>L\u00e9onarde, le 30 janvier <\/em>1705<em>, \u00e2g\u00e9e de 65 ans environ<\/em><\/li>\n<li><em>L\u00e9onard, le 16 octobre <\/em>1708<em>, \u00e2g\u00e9 de 68 ans environ<\/em><\/li>\n<\/ul>\n<p>S17<\/p>\n<p>&nbsp;<\/p>\n","protected":false},"excerpt":{"rendered":"<p>Mis \u00e0 jour le : 25\/04\/2026L\u00e9onard LARFOUILLAUD L\u00e9onard LARFOUILLAUD le jeune vers 1640 \u2013 1708 ma\u00e7on et laboureur de Vergnolas (Roy\u00e8re) \u25d9 L\u00e9onard \u00e9pouse L\u00e9onarde MOUNICHON avant 1666. Ils habitent d\u2019abord Vergnolas au moins jusqu\u2019en 1679. Vers 1881, ils sont \u00a0\u00e0 Saint-Laurent-en-Brionnais (71) . L\u00e9onard et ses quatre fils n\u00e9s \u00e0 Vergnolas (Fran\u00e7ois, \u00c9tienne, Jean ..<\/p>\n<div class=\"clear-fix\"><\/div>\n<p><a href=\"https:\/\/www.lesmaconsdelacreuse.fr\/annuaires\/lettre-l\/l_458\/\" title=\"Lire la suite...\">Lire la suite<\/a><\/p>\n","protected":false},"author":6,"featured_media":0,"comment_status":"closed","ping_status":"closed","sticky":false,"template":"","format":"standard","meta":{"_acf_changed":false,"_exactmetrics_skip_tracking":false,"_exactmetrics_sitenote_active":false,"_exactmetrics_sitenote_note":"","_exactmetrics_sitenote_category":0,"footnotes":""},"categories":[19],"tags":[],"class_list":["post-6284","post","type-post","status-publish","format-standard","hentry","category-lettre-l"],"acf":[],"_links":{"self":[{"href":"https:\/\/www.lesmaconsdelacreuse.fr\/annuaires\/wp-json\/wp\/v2\/posts\/6284","targetHints":{"allow":["GET"]}}],"collection":[{"href":"https:\/\/www.lesmaconsdelacreuse.fr\/annuaires\/wp-json\/wp\/v2\/posts"}],"about":[{"href":"https:\/\/www.lesmaconsdelacreuse.fr\/annuaires\/wp-json\/wp\/v2\/types\/post"}],"author":[{"embeddable":true,"href":"https:\/\/www.lesmaconsdelacreuse.fr\/annuaires\/wp-json\/wp\/v2\/users\/6"}],"replies":[{"embeddable":true,"href":"https:\/\/www.lesmaconsdelacreuse.fr\/annuaires\/wp-json\/wp\/v2\/comments?post=6284"}],"version-history":[{"count":1,"href":"https:\/\/www.lesmaconsdelacreuse.fr\/annuaires\/wp-json\/wp\/v2\/posts\/6284\/revisions"}],"predecessor-version":[{"id":203010,"href":"https:\/\/www.lesmaconsdelacreuse.fr\/annuaires\/wp-json\/wp\/v2\/posts\/6284\/revisions\/203010"}],"wp:attachment":[{"href":"https:\/\/www.lesmaconsdelacreuse.fr\/annuaires\/wp-json\/wp\/v2\/media?parent=6284"}],"wp:term":[{"taxonomy":"category","embeddable":true,"href":"https:\/\/www.lesmaconsdelacreuse.fr\/annuaires\/wp-json\/wp\/v2\/categories?post=6284"},{"taxonomy":"post_tag","embeddable":true,"href":"https:\/\/www.lesmaconsdelacreuse.fr\/annuaires\/wp-json\/wp\/v2\/tags?post=6284"}],"curies":[{"name":"wp","href":"https:\/\/api.w.org\/{rel}","templated":true}]}}