{"id":6286,"date":"2019-07-28T13:41:52","date_gmt":"2019-07-28T11:41:52","guid":{"rendered":"http:\/\/lesmaconsdelacreuse.fr\/annuaire\/?p=6286"},"modified":"2020-10-09T08:57:26","modified_gmt":"2020-10-09T06:57:26","slug":"l_416","status":"publish","type":"post","link":"https:\/\/www.lesmaconsdelacreuse.fr\/annuaires\/lettre-l\/l_416\/","title":{"rendered":"LARBANEIX Jean (1723-avant 1776)"},"content":{"rendered":"<p class=\"last-updated\"><strong>Mis \u00e0 jour le :<\/strong> 25\/04\/2026<\/p><h2 style=\"text-align: center;\"><strong>Jean LARBANEIX<\/strong><\/h2>\n<p style=\"text-align: center;\"><strong>L\u00e9onard LARBANEIX<\/strong><\/p>\n<p style=\"text-align: center;\"><strong>1723 \u2013 avant 1776<\/strong><\/p>\n<p style=\"text-align: center;\"><img decoding=\"async\" title=\"\" src=\"https:\/\/lesmaconsdelacreuse.fr\/annuaire\/wp-content\/uploads\/2019\/07\/image1-1516.jpg\" alt=\"\" data-source-id=\"i.0\" data-asset-id=\"6285\" \/><\/p>\n<h4 style=\"text-align: center;\"><span style=\"color: #008000;\"><strong>ma\u00e7on<\/strong><\/span><\/h4>\n<p>&nbsp;<\/p>\n<p style=\"text-align: center;\">n\u00e9 \u00e0 La Villatte (Saint-Pierre-le-Bost)<\/p>\n<p style=\"text-align: center;\">le 11 mars 1723<\/p>\n<p style=\"text-align: center;\">fils de<\/p>\n<p style=\"text-align: center;\">\u00c9tienne LARBANEIX \/ Marie LEN\u00c8GRE<\/p>\n<p style=\"text-align: center;\">laboureurs et \u25ba<a href=\"https:\/\/www.lesmaconsdelacreuse.fr\/annuaires\/wp-content\/uploads\/2020\/08\/FERMIER-M\u00c9TAYER.png\" target=\"_blank\" rel=\"noopener noreferrer\">fermiers<\/a><\/p>\n<p style=\"text-align: center;\"><span style=\"color: #ffffff;\">\u25d9<\/span><\/p>\n<p><em>Jean \u00e9pouse Jeanne <\/em><strong>VIEILLAUD<\/strong><em>, veuve de Jean CL\u00c9MENT, le 29 ao\u00fbt <\/em><strong>1752<\/strong> <em>\u00e0 Roy\u00e8re. <\/em><\/p>\n<p><strong>\u25ba<span style=\"color: #ff00ff;\"><a style=\"color: #ff00ff;\" href=\"https:\/\/www.lesmaconsdelacreuse.fr\/annuaires\/\/wp-content\/uploads\/DOCUMENTS\/1767_-_Jean_LARBANEIX_absent_de_la_province.pdf\" target=\"_blank\" rel=\"noopener noreferrer\"><span style=\"color: #993366;\">En 1767<\/span><\/a><\/span><\/strong><span style=\"color: #993366;\"><em>, <\/em><strong>Jean est absent de la province depuis longtemps<\/strong><\/span><em>.<\/em><\/p>\n<p><em> Jeanne d\u00e9c\u00e8de veuve \u00e0 Jeansanas, m\u00eame commune, le 25 septembre <\/em><strong>1806<\/strong><em>, \u00e2g\u00e9e de 93 ans. <\/em><\/p>\n<p>&nbsp;<\/p>\n","protected":false},"excerpt":{"rendered":"<p>Mis \u00e0 jour le : 25\/04\/2026Jean LARBANEIX L\u00e9onard LARBANEIX 1723 \u2013 avant 1776 ma\u00e7on &nbsp; n\u00e9 \u00e0 La Villatte (Saint-Pierre-le-Bost) le 11 mars 1723 fils de \u00c9tienne LARBANEIX \/ Marie LEN\u00c8GRE laboureurs et \u25bafermiers \u25d9 Jean \u00e9pouse Jeanne VIEILLAUD, veuve de Jean CL\u00c9MENT, le 29 ao\u00fbt 1752 \u00e0 Roy\u00e8re. \u25baEn 1767, Jean est absent de ..<\/p>\n<div class=\"clear-fix\"><\/div>\n<p><a href=\"https:\/\/www.lesmaconsdelacreuse.fr\/annuaires\/lettre-l\/l_416\/\" title=\"Lire la suite...\">Lire la suite<\/a><\/p>\n","protected":false},"author":6,"featured_media":0,"comment_status":"closed","ping_status":"closed","sticky":false,"template":"","format":"standard","meta":{"_acf_changed":false,"_exactmetrics_skip_tracking":false,"_exactmetrics_sitenote_active":false,"_exactmetrics_sitenote_note":"","_exactmetrics_sitenote_category":0,"footnotes":""},"categories":[19],"tags":[],"class_list":["post-6286","post","type-post","status-publish","format-standard","hentry","category-lettre-l"],"acf":[],"_links":{"self":[{"href":"https:\/\/www.lesmaconsdelacreuse.fr\/annuaires\/wp-json\/wp\/v2\/posts\/6286","targetHints":{"allow":["GET"]}}],"collection":[{"href":"https:\/\/www.lesmaconsdelacreuse.fr\/annuaires\/wp-json\/wp\/v2\/posts"}],"about":[{"href":"https:\/\/www.lesmaconsdelacreuse.fr\/annuaires\/wp-json\/wp\/v2\/types\/post"}],"author":[{"embeddable":true,"href":"https:\/\/www.lesmaconsdelacreuse.fr\/annuaires\/wp-json\/wp\/v2\/users\/6"}],"replies":[{"embeddable":true,"href":"https:\/\/www.lesmaconsdelacreuse.fr\/annuaires\/wp-json\/wp\/v2\/comments?post=6286"}],"version-history":[{"count":0,"href":"https:\/\/www.lesmaconsdelacreuse.fr\/annuaires\/wp-json\/wp\/v2\/posts\/6286\/revisions"}],"wp:attachment":[{"href":"https:\/\/www.lesmaconsdelacreuse.fr\/annuaires\/wp-json\/wp\/v2\/media?parent=6286"}],"wp:term":[{"taxonomy":"category","embeddable":true,"href":"https:\/\/www.lesmaconsdelacreuse.fr\/annuaires\/wp-json\/wp\/v2\/categories?post=6286"},{"taxonomy":"post_tag","embeddable":true,"href":"https:\/\/www.lesmaconsdelacreuse.fr\/annuaires\/wp-json\/wp\/v2\/tags?post=6286"}],"curies":[{"name":"wp","href":"https:\/\/api.w.org\/{rel}","templated":true}]}}