{"id":6290,"date":"2019-07-28T13:41:52","date_gmt":"2019-07-28T11:41:52","guid":{"rendered":"http:\/\/lesmaconsdelacreuse.fr\/annuaire\/?p=6290"},"modified":"2020-01-20T11:27:02","modified_gmt":"2020-01-20T10:27:02","slug":"l_454","status":"publish","type":"post","link":"https:\/\/www.lesmaconsdelacreuse.fr\/annuaires\/lettre-l\/l_454\/","title":{"rendered":"LARFOUILLAUD Antoine (1823-apr\u00e8s 1879)"},"content":{"rendered":"<p class=\"last-updated\"><strong>Mis \u00e0 jour le :<\/strong> 25\/04\/2026<\/p><h2 style=\"text-align: center;\"><strong>Antoine LARFOUILLAUD<\/strong><\/h2>\n<p style=\"text-align: center;\"><strong>1823 \u2013 apr\u00e8s 1879<\/strong><\/p>\n<p style=\"text-align: center;\"><img decoding=\"async\" title=\"\" src=\"https:\/\/lesmaconsdelacreuse.fr\/annuaire\/wp-content\/uploads\/2019\/07\/image1-1517.jpg\" alt=\"\" data-source-id=\"i.0\" data-asset-id=\"6288\" \/><\/p>\n<h4 style=\"text-align: center;\"><span style=\"color: #008000;\"><strong>ma\u00e7on <\/strong>et<strong> cultivateur<\/strong><\/span><\/h4>\n<p style=\"text-align: center;\">n\u00e9 au Ch\u00e2taignoux (Roy\u00e8re)<\/p>\n<p style=\"text-align: center;\">le 14 septembre 1823<\/p>\n<p style=\"text-align: center;\">fils de<\/p>\n<p style=\"text-align: center;\">Antoine LARFOUILLAUD, <span style=\"color: #008000;\"><strong>ma\u00e7on<\/strong><\/span><\/p>\n<p style=\"text-align: center;\">L\u00e9onarde SAUTOUR, cultivatrice<\/p>\n<p style=\"text-align: center;\"><span style=\"color: #ffffff;\">\u25d9<\/span><\/p>\n<p><strong>En 1844<\/strong><em>, Antoine est dispens\u00e9 de service militaire pour d\u00e9faut de taille (1m53).<\/em><\/p>\n<p><em>Il \u00e9pouse Marie <\/em><strong>JARJAVAL<\/strong><em> le 11 f\u00e9vrier <\/em><strong>1850<\/strong><em> \u00e0 Roy\u00e8re (contrat Toumieux). <\/em><\/p>\n<p><strong>En 1879<\/strong><em>, ils habitent La Vialle, commune de Peyrat-le-Ch\u00e2teau (87).<\/em><\/p>\n","protected":false},"excerpt":{"rendered":"<p>Mis \u00e0 jour le : 25\/04\/2026Antoine LARFOUILLAUD 1823 \u2013 apr\u00e8s 1879 ma\u00e7on et cultivateur n\u00e9 au Ch\u00e2taignoux (Roy\u00e8re) le 14 septembre 1823 fils de Antoine LARFOUILLAUD, ma\u00e7on L\u00e9onarde SAUTOUR, cultivatrice \u25d9 En 1844, Antoine est dispens\u00e9 de service militaire pour d\u00e9faut de taille (1m53). Il \u00e9pouse Marie JARJAVAL le 11 f\u00e9vrier 1850 \u00e0 Roy\u00e8re (contrat ..<\/p>\n<div class=\"clear-fix\"><\/div>\n<p><a href=\"https:\/\/www.lesmaconsdelacreuse.fr\/annuaires\/lettre-l\/l_454\/\" title=\"Lire la suite...\">Lire la suite<\/a><\/p>\n","protected":false},"author":6,"featured_media":0,"comment_status":"closed","ping_status":"closed","sticky":false,"template":"","format":"standard","meta":{"_acf_changed":false,"_exactmetrics_skip_tracking":false,"_exactmetrics_sitenote_active":false,"_exactmetrics_sitenote_note":"","_exactmetrics_sitenote_category":0,"footnotes":""},"categories":[19],"tags":[],"class_list":["post-6290","post","type-post","status-publish","format-standard","hentry","category-lettre-l"],"acf":[],"_links":{"self":[{"href":"https:\/\/www.lesmaconsdelacreuse.fr\/annuaires\/wp-json\/wp\/v2\/posts\/6290","targetHints":{"allow":["GET"]}}],"collection":[{"href":"https:\/\/www.lesmaconsdelacreuse.fr\/annuaires\/wp-json\/wp\/v2\/posts"}],"about":[{"href":"https:\/\/www.lesmaconsdelacreuse.fr\/annuaires\/wp-json\/wp\/v2\/types\/post"}],"author":[{"embeddable":true,"href":"https:\/\/www.lesmaconsdelacreuse.fr\/annuaires\/wp-json\/wp\/v2\/users\/6"}],"replies":[{"embeddable":true,"href":"https:\/\/www.lesmaconsdelacreuse.fr\/annuaires\/wp-json\/wp\/v2\/comments?post=6290"}],"version-history":[{"count":0,"href":"https:\/\/www.lesmaconsdelacreuse.fr\/annuaires\/wp-json\/wp\/v2\/posts\/6290\/revisions"}],"wp:attachment":[{"href":"https:\/\/www.lesmaconsdelacreuse.fr\/annuaires\/wp-json\/wp\/v2\/media?parent=6290"}],"wp:term":[{"taxonomy":"category","embeddable":true,"href":"https:\/\/www.lesmaconsdelacreuse.fr\/annuaires\/wp-json\/wp\/v2\/categories?post=6290"},{"taxonomy":"post_tag","embeddable":true,"href":"https:\/\/www.lesmaconsdelacreuse.fr\/annuaires\/wp-json\/wp\/v2\/tags?post=6290"}],"curies":[{"name":"wp","href":"https:\/\/api.w.org\/{rel}","templated":true}]}}