{"id":6297,"date":"2019-07-28T13:41:52","date_gmt":"2019-07-28T11:41:52","guid":{"rendered":"http:\/\/lesmaconsdelacreuse.fr\/annuaire\/?p=6297"},"modified":"2020-09-07T08:01:04","modified_gmt":"2020-09-07T06:01:04","slug":"l_704","status":"publish","type":"post","link":"https:\/\/www.lesmaconsdelacreuse.fr\/annuaires\/lettre-l\/l_704\/","title":{"rendered":"LEBLANC L\u00e9onard (1838-apr\u00e8s 1876)"},"content":{"rendered":"<p class=\"last-updated\"><strong>Mis \u00e0 jour le :<\/strong> 25\/04\/2026<\/p><h2 style=\"text-align: center;\"><strong>L\u00e9onard LEBLANC<\/strong><\/h2>\n<p style=\"text-align: center;\"><strong>1838 \u2013 apr\u00e8s 1876<\/strong><\/p>\n<p style=\"text-align: center;\"><a href=\"https:\/\/www.lesmaconsdelacreuse.fr\/annuaires\/wp-content\/uploads\/2019\/07\/leblanc-Le.jpg\"><img loading=\"lazy\" decoding=\"async\" class=\"alignnone size-medium wp-image-178205\" src=\"https:\/\/www.lesmaconsdelacreuse.fr\/annuaires\/wp-content\/uploads\/2019\/07\/leblanc-Le-300x54.jpg\" alt=\"\" width=\"300\" height=\"54\" srcset=\"https:\/\/www.lesmaconsdelacreuse.fr\/annuaires\/wp-content\/uploads\/2019\/07\/leblanc-Le-300x54.jpg 300w, https:\/\/www.lesmaconsdelacreuse.fr\/annuaires\/wp-content\/uploads\/2019\/07\/leblanc-Le-150x27.jpg 150w, https:\/\/www.lesmaconsdelacreuse.fr\/annuaires\/wp-content\/uploads\/2019\/07\/leblanc-Le.jpg 332w\" sizes=\"auto, (max-width: 300px) 100vw, 300px\" \/><\/a><\/p>\n<p>&nbsp;<\/p>\n<p style=\"text-align: center;\">\n<h4 style=\"text-align: center;\"><span style=\"color: #008000;\"><strong>ma\u00e7on<\/strong><\/span><\/h4>\n<p style=\"text-align: center;\">n\u00e9 au Chassagnoux (Saint-Martin-Ch\u00e2teau)<\/p>\n<p style=\"text-align: center;\">le 9 septembre 1838<\/p>\n<p style=\"text-align: center;\">fils de<\/p>\n<p style=\"text-align: center;\">\u00c9tienne LEBLANC,<span style=\"color: #008000;\"> <strong>ma\u00e7on <\/strong><\/span><strong>\/ <\/strong>Marie BERTRAND<\/p>\n<p style=\"text-align: center;\">propri\u00e9taires cultivateurs<\/p>\n<p style=\"text-align: center;\"><span style=\"color: #ffffff;\">\u25d9<\/span><\/p>\n<p><strong>En 1859<\/strong><em>, L\u00e9onard travaille en <\/em><span style=\"color: #0000ff;\"><strong>Gironde <\/strong><\/span><em>et y passe le conseil de r\u00e9vision. Il est dispens\u00e9 de service militaire.<\/em><\/p>\n<p><em> Il \u00e9pouse Th\u00e9r\u00e8se <\/em><strong>BRUNET<\/strong><em> le 18 f\u00e9vrier <\/em><strong>1862<\/strong><em> \u00e0 Saint-Martin-Ch\u00e2teau (contrat Tramonteil \u00e0 Peyrat-le-Ch\u00e2teau \u2013 87). <\/em><\/p>\n<p><strong>En 1876<\/strong><em>, le couple est \u00e0 <\/em><span style=\"color: #0000ff;\"><strong>Bordeaux (33)<\/strong><\/span><em>.<\/em><\/p>\n<p>&nbsp;<\/p>\n","protected":false},"excerpt":{"rendered":"<p>Mis \u00e0 jour le : 25\/04\/2026L\u00e9onard LEBLANC 1838 \u2013 apr\u00e8s 1876 &nbsp; ma\u00e7on n\u00e9 au Chassagnoux (Saint-Martin-Ch\u00e2teau) le 9 septembre 1838 fils de \u00c9tienne LEBLANC, ma\u00e7on \/ Marie BERTRAND propri\u00e9taires cultivateurs \u25d9 En 1859, L\u00e9onard travaille en Gironde et y passe le conseil de r\u00e9vision. Il est dispens\u00e9 de service militaire. Il \u00e9pouse Th\u00e9r\u00e8se BRUNET ..<\/p>\n<div class=\"clear-fix\"><\/div>\n<p><a href=\"https:\/\/www.lesmaconsdelacreuse.fr\/annuaires\/lettre-l\/l_704\/\" title=\"Lire la suite...\">Lire la suite<\/a><\/p>\n","protected":false},"author":6,"featured_media":0,"comment_status":"closed","ping_status":"closed","sticky":false,"template":"","format":"standard","meta":{"_acf_changed":false,"_exactmetrics_skip_tracking":false,"_exactmetrics_sitenote_active":false,"_exactmetrics_sitenote_note":"","_exactmetrics_sitenote_category":0,"footnotes":""},"categories":[19],"tags":[],"class_list":["post-6297","post","type-post","status-publish","format-standard","hentry","category-lettre-l"],"acf":[],"_links":{"self":[{"href":"https:\/\/www.lesmaconsdelacreuse.fr\/annuaires\/wp-json\/wp\/v2\/posts\/6297","targetHints":{"allow":["GET"]}}],"collection":[{"href":"https:\/\/www.lesmaconsdelacreuse.fr\/annuaires\/wp-json\/wp\/v2\/posts"}],"about":[{"href":"https:\/\/www.lesmaconsdelacreuse.fr\/annuaires\/wp-json\/wp\/v2\/types\/post"}],"author":[{"embeddable":true,"href":"https:\/\/www.lesmaconsdelacreuse.fr\/annuaires\/wp-json\/wp\/v2\/users\/6"}],"replies":[{"embeddable":true,"href":"https:\/\/www.lesmaconsdelacreuse.fr\/annuaires\/wp-json\/wp\/v2\/comments?post=6297"}],"version-history":[{"count":0,"href":"https:\/\/www.lesmaconsdelacreuse.fr\/annuaires\/wp-json\/wp\/v2\/posts\/6297\/revisions"}],"wp:attachment":[{"href":"https:\/\/www.lesmaconsdelacreuse.fr\/annuaires\/wp-json\/wp\/v2\/media?parent=6297"}],"wp:term":[{"taxonomy":"category","embeddable":true,"href":"https:\/\/www.lesmaconsdelacreuse.fr\/annuaires\/wp-json\/wp\/v2\/categories?post=6297"},{"taxonomy":"post_tag","embeddable":true,"href":"https:\/\/www.lesmaconsdelacreuse.fr\/annuaires\/wp-json\/wp\/v2\/tags?post=6297"}],"curies":[{"name":"wp","href":"https:\/\/api.w.org\/{rel}","templated":true}]}}