{"id":6302,"date":"2019-07-28T13:41:52","date_gmt":"2019-07-28T11:41:52","guid":{"rendered":"http:\/\/lesmaconsdelacreuse.fr\/annuaire\/?p=6302"},"modified":"2023-01-04T13:09:53","modified_gmt":"2023-01-04T12:09:53","slug":"l_683","status":"publish","type":"post","link":"https:\/\/www.lesmaconsdelacreuse.fr\/annuaires\/lettre-l\/l_683\/","title":{"rendered":"LEBLANC L\u00e9onard (vers 1682-1727)"},"content":{"rendered":"<p class=\"last-updated\"><strong>Mis \u00e0 jour le :<\/strong> 25\/04\/2026<\/p><h2 style=\"text-align: center;\"><strong>L\u00e9onard LEBLANC<\/strong><\/h2>\n<p style=\"text-align: center;\"><strong>L\u00e9onard BLANC<\/strong><\/p>\n<p style=\"text-align: center;\"><strong>vers 1682 \u2013 1727<\/strong><\/p>\n<h4 style=\"text-align: center;\"><span style=\"color: #008000;\">tr\u00e8s probablement<strong> ma\u00e7on<\/strong><\/span><\/h4>\n<p style=\"text-align: center;\">n\u00e9 \u00e0 La Borderie (Le Compeix)\u00a0?<\/p>\n<p style=\"text-align: center;\">vers 1682<\/p>\n<p style=\"text-align: center;\">fils de<\/p>\n<p style=\"text-align: center;\">\u00c9tienne LEBLANC \/ L\u00e9onarde TOUBLANC<\/p>\n<p style=\"text-align: center;\"><span style=\"color: #ffffff;\">\u25d9<\/span><\/p>\n<p><em>L\u00e9onard d\u00e9c\u00e8de \u00e0 <\/em><span style=\"color: #0000ff;\"><strong>Saint-Germain-au-Mont-d\u2019Or (69)<\/strong><\/span><em> le 13 juin <\/em><strong>1727<\/strong><em>, \u00e2g\u00e9 de 45 ans environ.<\/em><\/p>\n<p><em> Il est inhum\u00e9 dans l\u2019\u00e9glise paroissiale, ce qui implique une certaine aisance, puisque pour cela il faut payer des droits.<\/em><\/p>\n<p><em> L\u2019acte ne pr\u00e9cise pas s\u2019il est c\u00e9libataire ou mari\u00e9.<\/em><\/p>\n<p>S17<\/p>\n","protected":false},"excerpt":{"rendered":"<p>Mis \u00e0 jour le : 25\/04\/2026L\u00e9onard LEBLANC L\u00e9onard BLANC vers 1682 \u2013 1727 tr\u00e8s probablement ma\u00e7on n\u00e9 \u00e0 La Borderie (Le Compeix)\u00a0? vers 1682 fils de \u00c9tienne LEBLANC \/ L\u00e9onarde TOUBLANC \u25d9 L\u00e9onard d\u00e9c\u00e8de \u00e0 Saint-Germain-au-Mont-d\u2019Or (69) le 13 juin 1727, \u00e2g\u00e9 de 45 ans environ. Il est inhum\u00e9 dans l\u2019\u00e9glise paroissiale, ce qui implique ..<\/p>\n<div class=\"clear-fix\"><\/div>\n<p><a href=\"https:\/\/www.lesmaconsdelacreuse.fr\/annuaires\/lettre-l\/l_683\/\" title=\"Lire la suite...\">Lire la suite<\/a><\/p>\n","protected":false},"author":6,"featured_media":0,"comment_status":"closed","ping_status":"closed","sticky":false,"template":"","format":"standard","meta":{"_acf_changed":false,"_exactmetrics_skip_tracking":false,"_exactmetrics_sitenote_active":false,"_exactmetrics_sitenote_note":"","_exactmetrics_sitenote_category":0,"footnotes":""},"categories":[19],"tags":[],"class_list":["post-6302","post","type-post","status-publish","format-standard","hentry","category-lettre-l"],"acf":[],"_links":{"self":[{"href":"https:\/\/www.lesmaconsdelacreuse.fr\/annuaires\/wp-json\/wp\/v2\/posts\/6302","targetHints":{"allow":["GET"]}}],"collection":[{"href":"https:\/\/www.lesmaconsdelacreuse.fr\/annuaires\/wp-json\/wp\/v2\/posts"}],"about":[{"href":"https:\/\/www.lesmaconsdelacreuse.fr\/annuaires\/wp-json\/wp\/v2\/types\/post"}],"author":[{"embeddable":true,"href":"https:\/\/www.lesmaconsdelacreuse.fr\/annuaires\/wp-json\/wp\/v2\/users\/6"}],"replies":[{"embeddable":true,"href":"https:\/\/www.lesmaconsdelacreuse.fr\/annuaires\/wp-json\/wp\/v2\/comments?post=6302"}],"version-history":[{"count":1,"href":"https:\/\/www.lesmaconsdelacreuse.fr\/annuaires\/wp-json\/wp\/v2\/posts\/6302\/revisions"}],"predecessor-version":[{"id":203727,"href":"https:\/\/www.lesmaconsdelacreuse.fr\/annuaires\/wp-json\/wp\/v2\/posts\/6302\/revisions\/203727"}],"wp:attachment":[{"href":"https:\/\/www.lesmaconsdelacreuse.fr\/annuaires\/wp-json\/wp\/v2\/media?parent=6302"}],"wp:term":[{"taxonomy":"category","embeddable":true,"href":"https:\/\/www.lesmaconsdelacreuse.fr\/annuaires\/wp-json\/wp\/v2\/categories?post=6302"},{"taxonomy":"post_tag","embeddable":true,"href":"https:\/\/www.lesmaconsdelacreuse.fr\/annuaires\/wp-json\/wp\/v2\/tags?post=6302"}],"curies":[{"name":"wp","href":"https:\/\/api.w.org\/{rel}","templated":true}]}}