{"id":6309,"date":"2019-07-28T13:41:29","date_gmt":"2019-07-28T11:41:29","guid":{"rendered":"http:\/\/lesmaconsdelacreuse.fr\/annuaire\/?p=6309"},"modified":"2020-01-20T11:27:03","modified_gmt":"2020-01-20T10:27:03","slug":"l_714","status":"publish","type":"post","link":"https:\/\/www.lesmaconsdelacreuse.fr\/annuaires\/lettre-l\/l_714\/","title":{"rendered":"LEBLANC Martial (1861-1935)"},"content":{"rendered":"<p class=\"last-updated\"><strong>Mis \u00e0 jour le :<\/strong> 25\/04\/2026<\/p><h2 style=\"text-align: center;\"><strong>Martial LEBLANC<\/strong><\/h2>\n<p style=\"text-align: center;\"><strong>1861 \u2013 1935<\/strong><\/p>\n<p style=\"text-align: center;\"><img decoding=\"async\" title=\"\" src=\"https:\/\/lesmaconsdelacreuse.fr\/annuaire\/wp-content\/uploads\/2019\/07\/image1-1522.jpg\" alt=\"\" data-source-id=\"i.0\" data-asset-id=\"6301\" \/><\/p>\n<h4 style=\"text-align: center;\"><span style=\"color: #008000;\"><strong>ma\u00e7on <\/strong>et <strong>propri\u00e9taire cultivateur<\/strong><\/span><\/h4>\n<p style=\"text-align: center;\">n\u00e9 \u00e0 Rieublanc (Morterolles)<\/p>\n<p style=\"text-align: center;\">le 1er f\u00e9vrier 1861<\/p>\n<p style=\"text-align: center;\">fils de<\/p>\n<p style=\"text-align: center;\">Fran\u00e7ois LEBLANC, <span style=\"color: #008000;\"><strong>ma\u00e7on <\/strong><\/span><strong>\/ <\/strong>Anne GERMOUTY<\/p>\n<p style=\"text-align: center;\">propri\u00e9taires cultivateurs<\/p>\n<p style=\"text-align: center;\"><span style=\"color: #ffffff;\">\u25d9<\/span><\/p>\n<p><strong>En 1887<\/strong><em>, Martial travaille \u00e0 <\/em><span style=\"color: #0000ff;\"><strong>Lyon (69)<\/strong><\/span><em>, et habite 5, rue du Pont-Neuf.<\/em><\/p>\n<p><em> Il \u00e9pouse Fran\u00e7oise Marie <\/em><strong>CHAMPEYMAUD<\/strong><em> le 24 f\u00e9vrier <\/em><strong>1891<\/strong> <em>au Monteil-au-Vicomte (contrat Toumieux \u00e0 Roy\u00e8re). Ils habitent Le Barry, commune du Monteil. <\/em><\/p>\n<p><strong>En 1896<\/strong><em>, Martial est \u00e0 Lyon, adresse de 1887.<\/em><\/p>\n<p><em> Les \u00e9poux d\u00e9c\u00e8dent au Barry\u00a0:<\/em><\/p>\n<ul>\n<li><em>Martial, le 22 f\u00e9vrier <\/em><strong>1935<\/strong><em>, \u00e2g\u00e9 de 74 ans<\/em><\/li>\n<li><em>Fran\u00e7oise, le 25 mai <\/em><strong>1949<\/strong><em>, \u00e2g\u00e9e de 88 ans<\/em><\/li>\n<\/ul>\n<p style=\"text-align: center;\"><span style=\"color: #ffffff;\">\u25d9<\/span><\/p>\n","protected":false},"excerpt":{"rendered":"<p>Mis \u00e0 jour le : 25\/04\/2026Martial LEBLANC 1861 \u2013 1935 ma\u00e7on et propri\u00e9taire cultivateur n\u00e9 \u00e0 Rieublanc (Morterolles) le 1er f\u00e9vrier 1861 fils de Fran\u00e7ois LEBLANC, ma\u00e7on \/ Anne GERMOUTY propri\u00e9taires cultivateurs \u25d9 En 1887, Martial travaille \u00e0 Lyon (69), et habite 5, rue du Pont-Neuf. Il \u00e9pouse Fran\u00e7oise Marie CHAMPEYMAUD le 24 f\u00e9vrier 1891 ..<\/p>\n<div class=\"clear-fix\"><\/div>\n<p><a href=\"https:\/\/www.lesmaconsdelacreuse.fr\/annuaires\/lettre-l\/l_714\/\" title=\"Lire la suite...\">Lire la suite<\/a><\/p>\n","protected":false},"author":6,"featured_media":0,"comment_status":"closed","ping_status":"closed","sticky":false,"template":"","format":"standard","meta":{"_acf_changed":false,"_exactmetrics_skip_tracking":false,"_exactmetrics_sitenote_active":false,"_exactmetrics_sitenote_note":"","_exactmetrics_sitenote_category":0,"footnotes":""},"categories":[19],"tags":[],"class_list":["post-6309","post","type-post","status-publish","format-standard","hentry","category-lettre-l"],"acf":[],"_links":{"self":[{"href":"https:\/\/www.lesmaconsdelacreuse.fr\/annuaires\/wp-json\/wp\/v2\/posts\/6309","targetHints":{"allow":["GET"]}}],"collection":[{"href":"https:\/\/www.lesmaconsdelacreuse.fr\/annuaires\/wp-json\/wp\/v2\/posts"}],"about":[{"href":"https:\/\/www.lesmaconsdelacreuse.fr\/annuaires\/wp-json\/wp\/v2\/types\/post"}],"author":[{"embeddable":true,"href":"https:\/\/www.lesmaconsdelacreuse.fr\/annuaires\/wp-json\/wp\/v2\/users\/6"}],"replies":[{"embeddable":true,"href":"https:\/\/www.lesmaconsdelacreuse.fr\/annuaires\/wp-json\/wp\/v2\/comments?post=6309"}],"version-history":[{"count":0,"href":"https:\/\/www.lesmaconsdelacreuse.fr\/annuaires\/wp-json\/wp\/v2\/posts\/6309\/revisions"}],"wp:attachment":[{"href":"https:\/\/www.lesmaconsdelacreuse.fr\/annuaires\/wp-json\/wp\/v2\/media?parent=6309"}],"wp:term":[{"taxonomy":"category","embeddable":true,"href":"https:\/\/www.lesmaconsdelacreuse.fr\/annuaires\/wp-json\/wp\/v2\/categories?post=6309"},{"taxonomy":"post_tag","embeddable":true,"href":"https:\/\/www.lesmaconsdelacreuse.fr\/annuaires\/wp-json\/wp\/v2\/tags?post=6309"}],"curies":[{"name":"wp","href":"https:\/\/api.w.org\/{rel}","templated":true}]}}