{"id":6311,"date":"2019-07-28T13:41:29","date_gmt":"2019-07-28T11:41:29","guid":{"rendered":"http:\/\/lesmaconsdelacreuse.fr\/annuaire\/?p=6311"},"modified":"2020-01-20T11:27:03","modified_gmt":"2020-01-20T10:27:03","slug":"l_697","status":"publish","type":"post","link":"https:\/\/www.lesmaconsdelacreuse.fr\/annuaires\/lettre-l\/l_697\/","title":{"rendered":"LEBLANC L\u00e9onard (1793-1834)"},"content":{"rendered":"<p class=\"last-updated\"><strong>Mis \u00e0 jour le :<\/strong> 25\/04\/2026<\/p><h2 style=\"text-align: center;\"><strong>L\u00e9onard LEBLANC<\/strong><\/h2>\n<p style=\"text-align: center;\"><strong>Fran\u00e7ois LEBLANC<\/strong><\/p>\n<p style=\"text-align: center;\"><strong>1793 \u2013 1834<\/strong><\/p>\n<p style=\"text-align: center;\"><img decoding=\"async\" title=\"\" src=\"https:\/\/lesmaconsdelacreuse.fr\/annuaire\/wp-content\/uploads\/2019\/07\/image1-1525.jpg\" alt=\"\" data-source-id=\"i.0\" data-asset-id=\"6308\" \/><\/p>\n<h4 style=\"text-align: center;\"><span style=\"color: #008000;\"><strong>ma\u00e7on<\/strong><\/span><\/h4>\n<p style=\"text-align: center;\">n\u00e9 \u00e0 Lintignat (Peyrat-le-Ch\u00e2teau \u2013 87)<\/p>\n<p style=\"text-align: center;\">le 5 vend\u00e9miaire an II (26 septembre 1793)<\/p>\n<p style=\"text-align: center;\">fils de<\/p>\n<p style=\"text-align: center;\">L\u00e9onard LEBLANC \/ Marie LEBLANC<\/p>\n<p style=\"text-align: center;\">laboureurs<\/p>\n<p style=\"text-align: center;\"><span style=\"color: #ffffff;\">\u25d9<\/span><\/p>\n<p><em>L\u00e9onard \u00e9pouse Fran\u00e7oise <\/em><strong>CANQUE<\/strong><em> le 5 novembre <\/em><strong>1823<\/strong><em> \u00e0 Gentioux. Ils vivent d\u2019abord \u00e0 Fusinas, commune de Saint-Martin-Ch\u00e2teau. <\/em><\/p>\n<p><strong>En 1934<\/strong><em>, L\u00e9onard travaille \u00e0 <\/em><span style=\"color: #0000ff;\"><strong>Belleville (69)<\/strong><\/span><em>.<\/em><\/p>\n<p><em>Il y d\u00e9c\u00e8de \u00e0 l\u2019hospice, le 16 d\u00e9cembre de la m\u00eame ann\u00e9e, \u00e2g\u00e9 de 41 ans.<\/em><\/p>\n<p><em>Sa veuve d\u00e9c\u00e8de le 5 ao\u00fbt <\/em>1842<em> \u00e0 Arluguet, commune de Gentioux, , \u00e2g\u00e9e de 35 ans.<\/em><\/p>\n","protected":false},"excerpt":{"rendered":"<p>Mis \u00e0 jour le : 25\/04\/2026L\u00e9onard LEBLANC Fran\u00e7ois LEBLANC 1793 \u2013 1834 ma\u00e7on n\u00e9 \u00e0 Lintignat (Peyrat-le-Ch\u00e2teau \u2013 87) le 5 vend\u00e9miaire an II (26 septembre 1793) fils de L\u00e9onard LEBLANC \/ Marie LEBLANC laboureurs \u25d9 L\u00e9onard \u00e9pouse Fran\u00e7oise CANQUE le 5 novembre 1823 \u00e0 Gentioux. Ils vivent d\u2019abord \u00e0 Fusinas, commune de Saint-Martin-Ch\u00e2teau. En ..<\/p>\n<div class=\"clear-fix\"><\/div>\n<p><a href=\"https:\/\/www.lesmaconsdelacreuse.fr\/annuaires\/lettre-l\/l_697\/\" title=\"Lire la suite...\">Lire la suite<\/a><\/p>\n","protected":false},"author":6,"featured_media":0,"comment_status":"closed","ping_status":"closed","sticky":false,"template":"","format":"standard","meta":{"_acf_changed":false,"_exactmetrics_skip_tracking":false,"_exactmetrics_sitenote_active":false,"_exactmetrics_sitenote_note":"","_exactmetrics_sitenote_category":0,"footnotes":""},"categories":[19],"tags":[],"class_list":["post-6311","post","type-post","status-publish","format-standard","hentry","category-lettre-l"],"acf":[],"_links":{"self":[{"href":"https:\/\/www.lesmaconsdelacreuse.fr\/annuaires\/wp-json\/wp\/v2\/posts\/6311","targetHints":{"allow":["GET"]}}],"collection":[{"href":"https:\/\/www.lesmaconsdelacreuse.fr\/annuaires\/wp-json\/wp\/v2\/posts"}],"about":[{"href":"https:\/\/www.lesmaconsdelacreuse.fr\/annuaires\/wp-json\/wp\/v2\/types\/post"}],"author":[{"embeddable":true,"href":"https:\/\/www.lesmaconsdelacreuse.fr\/annuaires\/wp-json\/wp\/v2\/users\/6"}],"replies":[{"embeddable":true,"href":"https:\/\/www.lesmaconsdelacreuse.fr\/annuaires\/wp-json\/wp\/v2\/comments?post=6311"}],"version-history":[{"count":0,"href":"https:\/\/www.lesmaconsdelacreuse.fr\/annuaires\/wp-json\/wp\/v2\/posts\/6311\/revisions"}],"wp:attachment":[{"href":"https:\/\/www.lesmaconsdelacreuse.fr\/annuaires\/wp-json\/wp\/v2\/media?parent=6311"}],"wp:term":[{"taxonomy":"category","embeddable":true,"href":"https:\/\/www.lesmaconsdelacreuse.fr\/annuaires\/wp-json\/wp\/v2\/categories?post=6311"},{"taxonomy":"post_tag","embeddable":true,"href":"https:\/\/www.lesmaconsdelacreuse.fr\/annuaires\/wp-json\/wp\/v2\/tags?post=6311"}],"curies":[{"name":"wp","href":"https:\/\/api.w.org\/{rel}","templated":true}]}}