{"id":6313,"date":"2019-07-28T13:41:29","date_gmt":"2019-07-28T11:41:29","guid":{"rendered":"http:\/\/lesmaconsdelacreuse.fr\/annuaire\/?p=6313"},"modified":"2020-01-20T11:27:03","modified_gmt":"2020-01-20T10:27:03","slug":"l_703","status":"publish","type":"post","link":"https:\/\/www.lesmaconsdelacreuse.fr\/annuaires\/lettre-l\/l_703\/","title":{"rendered":"LEBLANC L\u00e9onard (1838-1891)"},"content":{"rendered":"<p class=\"last-updated\"><strong>Mis \u00e0 jour le :<\/strong> 25\/04\/2026<\/p><h2 style=\"text-align: center;\"><strong>L\u00e9onard LEBLANC<\/strong><\/h2>\n<p style=\"text-align: center;\"><strong>dit Cadet<\/strong><\/p>\n<p style=\"text-align: center;\"><strong>1838 \u2013 1891<\/strong><\/p>\n<p style=\"text-align: center;\"><img decoding=\"async\" title=\"\" src=\"https:\/\/lesmaconsdelacreuse.fr\/annuaire\/wp-content\/uploads\/2019\/07\/image1-1526.jpg\" alt=\"\" data-source-id=\"i.0\" data-asset-id=\"6312\" \/><\/p>\n<h4 style=\"text-align: center;\"><span style=\"color: #008000;\"><strong>ma\u00e7on<\/strong><\/span><\/h4>\n<p style=\"text-align: center;\">n\u00e9 \u00e0 Nergoux (Beaumont \u2013 87)<\/p>\n<p style=\"text-align: center;\">le 12 avril 1838<\/p>\n<p style=\"text-align: center;\">fils de<\/p>\n<p style=\"text-align: center;\">Jean LEBLANC \/ Marie VIALATOUX<\/p>\n<p style=\"text-align: center;\">propri\u00e9taires cultivateurs<\/p>\n<p style=\"text-align: center;\"><span style=\"color: #ffffff;\">\u25d9<\/span><\/p>\n<p><em>L\u00e9onard \u00e9pouse Marie <\/em><strong>JARRY<\/strong><em> le 19 f\u00e9vrier <\/em><strong>1867<\/strong><em> \u00e0 Roy\u00e8re (contrat Toumieux). Ils habitent d\u2019abord Haute-Faye, m\u00eame commune.<\/em><\/p>\n<p><strong>En 1881<\/strong><em>, ils sont \u00e0 <\/em><span style=\"color: #0000ff;\"><strong>Lyon (69) <\/strong><\/span><em>et logent 3, rue B\u00e9chevelin, 3e arrondissement.<\/em><\/p>\n<p><em>Marie d\u00e9c\u00e8de \u00e0 cette adresse le 1er d\u00e9cembre de la m\u00eame ann\u00e9e, \u00e2g\u00e9e de 36 ans. <\/em><\/p>\n<p><em>L\u00e9onard se remarie le 4 mars <\/em><strong>1882<\/strong> <em>\u00e0 Lyon 3e avec Marie <\/em><strong>MAISON<\/strong><em> n\u00e9e \u00e0 Millevaches en Corr\u00e8ze (mari\u00e9s sans contrat). <\/em><\/p>\n<p><em>Marie d\u00e9c\u00e8de le 9 septembre <\/em><strong>1887<\/strong> <em>dans son village natal, \u00e2g\u00e9e de 48 ans environ. <\/em><\/p>\n<p><em>L\u00e9onard se marie une troisi\u00e8me fois le 29 octobre suivant \u00e0 Lyon 4e, avec Marie <\/em><strong>BERGER <\/strong><em>n\u00e9e \u00e0 Saint-Pierre-le-Bost (mari\u00e9s sans contrat). <\/em><\/p>\n<p><em>Il d\u00e9c\u00e8de le 11 f\u00e9vrier <\/em><strong>1891<\/strong><em>, \u00e0 Lyon 3e, habitant toujours 3, rue B\u00e9chevelin, \u00e2g\u00e9 de 52 ans. <\/em><\/p>\n","protected":false},"excerpt":{"rendered":"<p>Mis \u00e0 jour le : 25\/04\/2026L\u00e9onard LEBLANC dit Cadet 1838 \u2013 1891 ma\u00e7on n\u00e9 \u00e0 Nergoux (Beaumont \u2013 87) le 12 avril 1838 fils de Jean LEBLANC \/ Marie VIALATOUX propri\u00e9taires cultivateurs \u25d9 L\u00e9onard \u00e9pouse Marie JARRY le 19 f\u00e9vrier 1867 \u00e0 Roy\u00e8re (contrat Toumieux). Ils habitent d\u2019abord Haute-Faye, m\u00eame commune. En 1881, ils sont ..<\/p>\n<div class=\"clear-fix\"><\/div>\n<p><a href=\"https:\/\/www.lesmaconsdelacreuse.fr\/annuaires\/lettre-l\/l_703\/\" title=\"Lire la suite...\">Lire la suite<\/a><\/p>\n","protected":false},"author":6,"featured_media":0,"comment_status":"closed","ping_status":"closed","sticky":false,"template":"","format":"standard","meta":{"_acf_changed":false,"_exactmetrics_skip_tracking":false,"_exactmetrics_sitenote_active":false,"_exactmetrics_sitenote_note":"","_exactmetrics_sitenote_category":0,"footnotes":""},"categories":[19],"tags":[],"class_list":["post-6313","post","type-post","status-publish","format-standard","hentry","category-lettre-l"],"acf":[],"_links":{"self":[{"href":"https:\/\/www.lesmaconsdelacreuse.fr\/annuaires\/wp-json\/wp\/v2\/posts\/6313","targetHints":{"allow":["GET"]}}],"collection":[{"href":"https:\/\/www.lesmaconsdelacreuse.fr\/annuaires\/wp-json\/wp\/v2\/posts"}],"about":[{"href":"https:\/\/www.lesmaconsdelacreuse.fr\/annuaires\/wp-json\/wp\/v2\/types\/post"}],"author":[{"embeddable":true,"href":"https:\/\/www.lesmaconsdelacreuse.fr\/annuaires\/wp-json\/wp\/v2\/users\/6"}],"replies":[{"embeddable":true,"href":"https:\/\/www.lesmaconsdelacreuse.fr\/annuaires\/wp-json\/wp\/v2\/comments?post=6313"}],"version-history":[{"count":0,"href":"https:\/\/www.lesmaconsdelacreuse.fr\/annuaires\/wp-json\/wp\/v2\/posts\/6313\/revisions"}],"wp:attachment":[{"href":"https:\/\/www.lesmaconsdelacreuse.fr\/annuaires\/wp-json\/wp\/v2\/media?parent=6313"}],"wp:term":[{"taxonomy":"category","embeddable":true,"href":"https:\/\/www.lesmaconsdelacreuse.fr\/annuaires\/wp-json\/wp\/v2\/categories?post=6313"},{"taxonomy":"post_tag","embeddable":true,"href":"https:\/\/www.lesmaconsdelacreuse.fr\/annuaires\/wp-json\/wp\/v2\/tags?post=6313"}],"curies":[{"name":"wp","href":"https:\/\/api.w.org\/{rel}","templated":true}]}}