{"id":6321,"date":"2019-07-28T13:41:28","date_gmt":"2019-07-28T11:41:28","guid":{"rendered":"http:\/\/lesmaconsdelacreuse.fr\/annuaire\/?p=6321"},"modified":"2020-01-20T11:27:05","modified_gmt":"2020-01-20T10:27:05","slug":"l_718","status":"publish","type":"post","link":"https:\/\/www.lesmaconsdelacreuse.fr\/annuaires\/lettre-l\/l_718\/","title":{"rendered":"LEBLANC Philippe (1735-1799)"},"content":{"rendered":"<p class=\"last-updated\"><strong>Mis \u00e0 jour le :<\/strong> 25\/04\/2026<\/p><h2 style=\"text-align: center;\"><strong>Philippe LEBLANC<\/strong><\/h2>\n<p style=\"text-align: center;\"><strong>F\u00e9lix LEBLANC<\/strong><\/p>\n<p style=\"text-align: center;\"><strong>1735 &#8211; 1799<\/strong><\/p>\n<p style=\"text-align: center;\"><img decoding=\"async\" title=\"\" src=\"https:\/\/lesmaconsdelacreuse.fr\/annuaire\/wp-content\/uploads\/2019\/07\/image1-1529.jpg\" alt=\"\" data-source-id=\"i.0\" data-asset-id=\"6319\" \/><\/p>\n<h4 style=\"text-align: center;\"><span style=\"color: #008000;\"><strong>ma\u00e7on <\/strong>et<strong> laboureur<\/strong><\/span><\/h4>\n<p style=\"text-align: center;\">n\u00e9 \u00e0 Grandjanon (Saint-Pierre-le-Bost)<\/p>\n<p style=\"text-align: center;\">le 24 f\u00e9vrier 1735<\/p>\n<p style=\"text-align: center;\">fils de<\/p>\n<p style=\"text-align: center;\">Jean LEBLANC, marchand \/ Louise DUPHOT<\/p>\n<p style=\"text-align: center;\">laboureurs<\/p>\n<p style=\"text-align: center;\"><span style=\"color: #ffffff;\">\u25d9<\/span><\/p>\n<p><em>Philippe \u00e9pouse Marie <\/em><strong>BEAUVAIS<\/strong><em> le 2 f\u00e9vrier <\/em><strong>1762<\/strong> <em>\u00e0 Saint-Pierre-le-Bost (contrat Coutisson \u00e0 Roy\u00e8re). Ils habitent Beauvais, commune de Saint-Pierre.<\/em><\/p>\n<p>\u25ba<a target=\"_blank\"href=\"https:\/\/www.lesmaconsdelacreuse.fr\/annuaires\/\/wp-content\/uploads\/DOCUMENTS\/1797_-_Proces-verbal_de_visite_a_Beauvais.pdf\"><strong><span style=\"color: #ff00ff;\">En 1797<\/span><\/strong><\/a><em>, Philippe est pris comme expert, avec L\u00e9onard MARCHEIX du Compeix, aussi laboureur et ma\u00e7on, pour \u00e9valuer les r\u00e9parations \u00e0 faire \u00e0 un bien situ\u00e9 \u00e0 Beauvais.<\/em><\/p>\n<p><em>Les \u00e9poux d\u00e9c\u00e8dent \u00e0 Beauvais\u00a0:<\/em><\/p>\n<p><em>\u2022\u00a0 Philippe, le 31 janvier <\/em><strong>1799<\/strong><em>, \u00e2g\u00e9 de 63 ans<\/em><\/p>\n<p><em>\u2022\u00a0 Marie, le 31 octobre <\/em><strong>1810<\/strong><em>, \u00e2g\u00e9e de 70 ans<\/em><\/p>\n","protected":false},"excerpt":{"rendered":"<p>Mis \u00e0 jour le : 25\/04\/2026Philippe LEBLANC F\u00e9lix LEBLANC 1735 &#8211; 1799 ma\u00e7on et laboureur n\u00e9 \u00e0 Grandjanon (Saint-Pierre-le-Bost) le 24 f\u00e9vrier 1735 fils de Jean LEBLANC, marchand \/ Louise DUPHOT laboureurs \u25d9 Philippe \u00e9pouse Marie BEAUVAIS le 2 f\u00e9vrier 1762 \u00e0 Saint-Pierre-le-Bost (contrat Coutisson \u00e0 Roy\u00e8re). Ils habitent Beauvais, commune de Saint-Pierre. \u25baEn 1797, ..<\/p>\n<div class=\"clear-fix\"><\/div>\n<p><a href=\"https:\/\/www.lesmaconsdelacreuse.fr\/annuaires\/lettre-l\/l_718\/\" title=\"Lire la suite...\">Lire la suite<\/a><\/p>\n","protected":false},"author":6,"featured_media":0,"comment_status":"closed","ping_status":"closed","sticky":false,"template":"","format":"standard","meta":{"_acf_changed":false,"_exactmetrics_skip_tracking":false,"_exactmetrics_sitenote_active":false,"_exactmetrics_sitenote_note":"","_exactmetrics_sitenote_category":0,"footnotes":""},"categories":[19],"tags":[],"class_list":["post-6321","post","type-post","status-publish","format-standard","hentry","category-lettre-l"],"acf":[],"_links":{"self":[{"href":"https:\/\/www.lesmaconsdelacreuse.fr\/annuaires\/wp-json\/wp\/v2\/posts\/6321","targetHints":{"allow":["GET"]}}],"collection":[{"href":"https:\/\/www.lesmaconsdelacreuse.fr\/annuaires\/wp-json\/wp\/v2\/posts"}],"about":[{"href":"https:\/\/www.lesmaconsdelacreuse.fr\/annuaires\/wp-json\/wp\/v2\/types\/post"}],"author":[{"embeddable":true,"href":"https:\/\/www.lesmaconsdelacreuse.fr\/annuaires\/wp-json\/wp\/v2\/users\/6"}],"replies":[{"embeddable":true,"href":"https:\/\/www.lesmaconsdelacreuse.fr\/annuaires\/wp-json\/wp\/v2\/comments?post=6321"}],"version-history":[{"count":0,"href":"https:\/\/www.lesmaconsdelacreuse.fr\/annuaires\/wp-json\/wp\/v2\/posts\/6321\/revisions"}],"wp:attachment":[{"href":"https:\/\/www.lesmaconsdelacreuse.fr\/annuaires\/wp-json\/wp\/v2\/media?parent=6321"}],"wp:term":[{"taxonomy":"category","embeddable":true,"href":"https:\/\/www.lesmaconsdelacreuse.fr\/annuaires\/wp-json\/wp\/v2\/categories?post=6321"},{"taxonomy":"post_tag","embeddable":true,"href":"https:\/\/www.lesmaconsdelacreuse.fr\/annuaires\/wp-json\/wp\/v2\/tags?post=6321"}],"curies":[{"name":"wp","href":"https:\/\/api.w.org\/{rel}","templated":true}]}}