{"id":6326,"date":"2019-07-28T13:41:28","date_gmt":"2019-07-28T11:41:28","guid":{"rendered":"http:\/\/lesmaconsdelacreuse.fr\/annuaire\/?p=6326"},"modified":"2022-06-06T18:05:02","modified_gmt":"2022-06-06T16:05:02","slug":"l_681","status":"publish","type":"post","link":"https:\/\/www.lesmaconsdelacreuse.fr\/annuaires\/lettre-l\/l_681\/","title":{"rendered":"LEBLANC L\u00e9on (1893-1951)"},"content":{"rendered":"<p class=\"last-updated\"><strong>Mis \u00e0 jour le :<\/strong> 25\/04\/2026<\/p><h2 style=\"text-align: center;\"><strong>L\u00e9on LEBLANC<\/strong><\/h2>\n<p style=\"text-align: center;\"><strong>1893 \u2013 1951<\/strong><\/p>\n<p><a href=\"https:\/\/www.lesmaconsdelacreuse.fr\/annuaires\/wp-content\/uploads\/2019\/07\/LEBLANC-Leon-1893.jpg\"><img loading=\"lazy\" decoding=\"async\" class=\" wp-image-199982 aligncenter\" src=\"https:\/\/www.lesmaconsdelacreuse.fr\/annuaires\/wp-content\/uploads\/2019\/07\/LEBLANC-Leon-1893.jpg\" alt=\"\" width=\"164\" height=\"74\" srcset=\"https:\/\/www.lesmaconsdelacreuse.fr\/annuaires\/wp-content\/uploads\/2019\/07\/LEBLANC-Leon-1893.jpg 111w, https:\/\/www.lesmaconsdelacreuse.fr\/annuaires\/wp-content\/uploads\/2019\/07\/LEBLANC-Leon-1893-16x7.jpg 16w\" sizes=\"auto, (max-width: 164px) 100vw, 164px\" \/><\/a><\/p>\n<h4 style=\"text-align: center;\"><span style=\"color: #008000;\"><strong>ma\u00e7on et pl\u00e2trier<\/strong><\/span><\/h4>\n<p style=\"text-align: center;\">n\u00e9 au bourg de Saint-Martin-Ch\u00e2teau<\/p>\n<p style=\"text-align: center;\">le 12 f\u00e9vrier 1893<\/p>\n<p style=\"text-align: center;\">fils de<\/p>\n<p style=\"text-align: center;\">Jean LEBLANC, mar\u00e9chal-ferrant<\/p>\n<p style=\"text-align: center;\">Antoinette LAVERGNE, cultivatrice<\/p>\n<p style=\"text-align: center;\"><span style=\"color: #ffffff;\">\u25d9<\/span><\/p>\n<p><strong>En 1914<\/strong><em>, L\u00e9on, <\/em><span style=\"color: #008000;\"><strong>ma\u00e7on<\/strong><\/span><em>, travaille dans le <\/em><span style=\"color: #0000ff;\"><strong>Rh\u00f4ne (69)<\/strong><\/span><em> et y passe le conseil de r\u00e9vision.<\/em><\/p>\n<p><strong>\u00a0En 1923<\/strong><em>, <\/em><span style=\"color: #008000;\"><strong>pl\u00e2trier<\/strong><\/span><em>, il loge 25, rue du Roi de Sicile, \u00e0 <\/em><strong><span style=\"color: #0000ff;\">Paris (75)<\/span>.<\/strong><\/p>\n<p><em>\u00a0<\/em><em>Le 5 mai de la m\u00eame ann\u00e9e, il<\/em><em> \u00e9pouse Cl\u00e9mence Juliette <\/em><strong>TAZIAUX<\/strong><em>, couturi\u00e8re, <\/em><em>\u00a0au 4<sup>e<\/sup> arrondissement.<\/em><\/p>\n<p><strong>En 1933<\/strong><em>, ils habitent 4, villa Longueville, 4e arrondissement\u00a0;<\/em><\/p>\n<p><strong>en 1938<\/strong><em>, 5, rue Bardinet, dans le 14e.<\/em><\/p>\n<p><em>L\u00e9on d\u00e9c\u00e8de \u00e0 Paris 14e le 15 d\u00e9cembre <\/em><strong>1951<\/strong><em>, \u00e2g\u00e9 de 58 ans.<\/em><\/p>\n","protected":false},"excerpt":{"rendered":"<p>Mis \u00e0 jour le : 25\/04\/2026L\u00e9on LEBLANC 1893 \u2013 1951 ma\u00e7on et pl\u00e2trier n\u00e9 au bourg de Saint-Martin-Ch\u00e2teau le 12 f\u00e9vrier 1893 fils de Jean LEBLANC, mar\u00e9chal-ferrant Antoinette LAVERGNE, cultivatrice \u25d9 En 1914, L\u00e9on, ma\u00e7on, travaille dans le Rh\u00f4ne (69) et y passe le conseil de r\u00e9vision. \u00a0En 1923, pl\u00e2trier, il loge 25, rue du ..<\/p>\n<div class=\"clear-fix\"><\/div>\n<p><a href=\"https:\/\/www.lesmaconsdelacreuse.fr\/annuaires\/lettre-l\/l_681\/\" title=\"Lire la suite...\">Lire la suite<\/a><\/p>\n","protected":false},"author":6,"featured_media":0,"comment_status":"closed","ping_status":"closed","sticky":false,"template":"","format":"standard","meta":{"_acf_changed":false,"_exactmetrics_skip_tracking":false,"_exactmetrics_sitenote_active":false,"_exactmetrics_sitenote_note":"","_exactmetrics_sitenote_category":0,"footnotes":""},"categories":[19],"tags":[],"class_list":["post-6326","post","type-post","status-publish","format-standard","hentry","category-lettre-l"],"acf":[],"_links":{"self":[{"href":"https:\/\/www.lesmaconsdelacreuse.fr\/annuaires\/wp-json\/wp\/v2\/posts\/6326","targetHints":{"allow":["GET"]}}],"collection":[{"href":"https:\/\/www.lesmaconsdelacreuse.fr\/annuaires\/wp-json\/wp\/v2\/posts"}],"about":[{"href":"https:\/\/www.lesmaconsdelacreuse.fr\/annuaires\/wp-json\/wp\/v2\/types\/post"}],"author":[{"embeddable":true,"href":"https:\/\/www.lesmaconsdelacreuse.fr\/annuaires\/wp-json\/wp\/v2\/users\/6"}],"replies":[{"embeddable":true,"href":"https:\/\/www.lesmaconsdelacreuse.fr\/annuaires\/wp-json\/wp\/v2\/comments?post=6326"}],"version-history":[{"count":3,"href":"https:\/\/www.lesmaconsdelacreuse.fr\/annuaires\/wp-json\/wp\/v2\/posts\/6326\/revisions"}],"predecessor-version":[{"id":199983,"href":"https:\/\/www.lesmaconsdelacreuse.fr\/annuaires\/wp-json\/wp\/v2\/posts\/6326\/revisions\/199983"}],"wp:attachment":[{"href":"https:\/\/www.lesmaconsdelacreuse.fr\/annuaires\/wp-json\/wp\/v2\/media?parent=6326"}],"wp:term":[{"taxonomy":"category","embeddable":true,"href":"https:\/\/www.lesmaconsdelacreuse.fr\/annuaires\/wp-json\/wp\/v2\/categories?post=6326"},{"taxonomy":"post_tag","embeddable":true,"href":"https:\/\/www.lesmaconsdelacreuse.fr\/annuaires\/wp-json\/wp\/v2\/tags?post=6326"}],"curies":[{"name":"wp","href":"https:\/\/api.w.org\/{rel}","templated":true}]}}