{"id":6330,"date":"2019-07-28T13:41:27","date_gmt":"2019-07-28T11:41:27","guid":{"rendered":"http:\/\/lesmaconsdelacreuse.fr\/annuaire\/?p=6330"},"modified":"2020-01-20T11:27:06","modified_gmt":"2020-01-20T10:27:06","slug":"l_688","status":"publish","type":"post","link":"https:\/\/www.lesmaconsdelacreuse.fr\/annuaires\/lettre-l\/l_688\/","title":{"rendered":"LEBLANC L\u00e9onard (vers 1725-entre 1754 et 1769)"},"content":{"rendered":"<p class=\"last-updated\"><strong>Mis \u00e0 jour le :<\/strong> 25\/04\/2026<\/p><h2 style=\"text-align: center;\"><strong>L\u00e9onard LEBLANC<\/strong><\/h2>\n<p style=\"text-align: center;\"><strong>vers 1725 \u2013 entre 1754 et 1769<\/strong><\/p>\n<p style=\"text-align: center;\"><img decoding=\"async\" title=\"\" src=\"https:\/\/lesmaconsdelacreuse.fr\/annuaire\/wp-content\/uploads\/2019\/07\/image1-1531.jpg\" alt=\"\" data-source-id=\"i.0\" data-asset-id=\"6328\" \/><\/p>\n<h4 style=\"text-align: center;\"><span style=\"color: #008000;\"><strong>ma\u00e7on <\/strong>et<strong> laboureur<\/strong><\/span><\/h4>\n<p style=\"text-align: center;\">n\u00e9 \u00e0 Augerolles (Saint-Pardoux-Lavaud)\u00a0?<\/p>\n<p style=\"text-align: center;\">vers 1725<\/p>\n<p style=\"text-align: center;\">fils de<\/p>\n<p style=\"text-align: center;\">Pierre LEBLANC, <span style=\"color: #008000;\"><strong>ma\u00e7on <\/strong><\/span><strong>\/ <\/strong>Fran\u00e7oise COUTURIER<\/p>\n<p style=\"text-align: center;\">laboureurs<\/p>\n<p style=\"text-align: center;\"><span style=\"color: #ffffff;\">\u25d9<\/span><\/p>\n<p><em>L\u00e9onard \u00e9pouse L\u00e9onarde <\/em><strong>LEPETIT<\/strong><em> le 16 f\u00e9vrier <\/em><strong>1740<\/strong><em> au Compeix (contrat Champeaux \u00e0 Soubrebost).<\/em><\/p>\n<p><em> Ils habitent Augerolles. <\/em><\/p>\n<p><em>L\u00e9onarde y d\u00e9c\u00e8de le 19 f\u00e9vrier<\/em> <strong>1751<\/strong><em>, \u00e2g\u00e9e de 33 ans environ.<\/em><\/p>\n<p><em>L\u00e9onard se remarie le 19 avril de la m\u00eame ann\u00e9e \u00e0 Saint-Pierre-le-Bost avec Jeanne <\/em><strong>NOURAUD<\/strong><em>, veuve de L\u00e9onard DELOUIS, ma\u00e7on (contrat Delavergne au Monteil-au-Vicomte).<\/em><\/p>\n","protected":false},"excerpt":{"rendered":"<p>Mis \u00e0 jour le : 25\/04\/2026L\u00e9onard LEBLANC vers 1725 \u2013 entre 1754 et 1769 ma\u00e7on et laboureur n\u00e9 \u00e0 Augerolles (Saint-Pardoux-Lavaud)\u00a0? vers 1725 fils de Pierre LEBLANC, ma\u00e7on \/ Fran\u00e7oise COUTURIER laboureurs \u25d9 L\u00e9onard \u00e9pouse L\u00e9onarde LEPETIT le 16 f\u00e9vrier 1740 au Compeix (contrat Champeaux \u00e0 Soubrebost). Ils habitent Augerolles. L\u00e9onarde y d\u00e9c\u00e8de le 19 ..<\/p>\n<div class=\"clear-fix\"><\/div>\n<p><a href=\"https:\/\/www.lesmaconsdelacreuse.fr\/annuaires\/lettre-l\/l_688\/\" title=\"Lire la suite...\">Lire la suite<\/a><\/p>\n","protected":false},"author":6,"featured_media":0,"comment_status":"closed","ping_status":"closed","sticky":false,"template":"","format":"standard","meta":{"_acf_changed":false,"_exactmetrics_skip_tracking":false,"_exactmetrics_sitenote_active":false,"_exactmetrics_sitenote_note":"","_exactmetrics_sitenote_category":0,"footnotes":""},"categories":[19],"tags":[],"class_list":["post-6330","post","type-post","status-publish","format-standard","hentry","category-lettre-l"],"acf":[],"_links":{"self":[{"href":"https:\/\/www.lesmaconsdelacreuse.fr\/annuaires\/wp-json\/wp\/v2\/posts\/6330","targetHints":{"allow":["GET"]}}],"collection":[{"href":"https:\/\/www.lesmaconsdelacreuse.fr\/annuaires\/wp-json\/wp\/v2\/posts"}],"about":[{"href":"https:\/\/www.lesmaconsdelacreuse.fr\/annuaires\/wp-json\/wp\/v2\/types\/post"}],"author":[{"embeddable":true,"href":"https:\/\/www.lesmaconsdelacreuse.fr\/annuaires\/wp-json\/wp\/v2\/users\/6"}],"replies":[{"embeddable":true,"href":"https:\/\/www.lesmaconsdelacreuse.fr\/annuaires\/wp-json\/wp\/v2\/comments?post=6330"}],"version-history":[{"count":0,"href":"https:\/\/www.lesmaconsdelacreuse.fr\/annuaires\/wp-json\/wp\/v2\/posts\/6330\/revisions"}],"wp:attachment":[{"href":"https:\/\/www.lesmaconsdelacreuse.fr\/annuaires\/wp-json\/wp\/v2\/media?parent=6330"}],"wp:term":[{"taxonomy":"category","embeddable":true,"href":"https:\/\/www.lesmaconsdelacreuse.fr\/annuaires\/wp-json\/wp\/v2\/categories?post=6330"},{"taxonomy":"post_tag","embeddable":true,"href":"https:\/\/www.lesmaconsdelacreuse.fr\/annuaires\/wp-json\/wp\/v2\/tags?post=6330"}],"curies":[{"name":"wp","href":"https:\/\/api.w.org\/{rel}","templated":true}]}}