{"id":6331,"date":"2019-07-28T13:41:27","date_gmt":"2019-07-28T11:41:27","guid":{"rendered":"http:\/\/lesmaconsdelacreuse.fr\/annuaire\/?p=6331"},"modified":"2020-09-07T08:02:23","modified_gmt":"2020-09-07T06:02:23","slug":"l_705","status":"publish","type":"post","link":"https:\/\/www.lesmaconsdelacreuse.fr\/annuaires\/lettre-l\/l_705\/","title":{"rendered":"LEBLANC L\u00e9onard (1840-1902)"},"content":{"rendered":"<p class=\"last-updated\"><strong>Mis \u00e0 jour le :<\/strong> 25\/04\/2026<\/p><h2 style=\"text-align: center;\"><strong>L\u00e9onard LEBLANC<\/strong><\/h2>\n<p style=\"text-align: center;\"><strong>1840 \u2013 1902<\/strong><\/p>\n<p style=\"text-align: center;\"><a href=\"https:\/\/www.lesmaconsdelacreuse.fr\/annuaires\/wp-content\/uploads\/2019\/07\/leblanc-leo.jpg\"><img loading=\"lazy\" decoding=\"async\" class=\"alignnone size-full wp-image-178208\" src=\"https:\/\/www.lesmaconsdelacreuse.fr\/annuaires\/wp-content\/uploads\/2019\/07\/leblanc-leo.jpg\" alt=\"\" width=\"279\" height=\"105\" srcset=\"https:\/\/www.lesmaconsdelacreuse.fr\/annuaires\/wp-content\/uploads\/2019\/07\/leblanc-leo.jpg 279w, https:\/\/www.lesmaconsdelacreuse.fr\/annuaires\/wp-content\/uploads\/2019\/07\/leblanc-leo-150x56.jpg 150w\" sizes=\"auto, (max-width: 279px) 100vw, 279px\" \/><\/a><\/p>\n<p>&nbsp;<\/p>\n<p style=\"text-align: center;\">\n<h4 style=\"text-align: center;\"><span style=\"color: #008000;\"><strong>ma\u00e7on<\/strong><\/span><\/h4>\n<p style=\"text-align: center;\">n\u00e9 \u00e0 Lestrade (Saint-Junien-la-Breg\u00e8re)<\/p>\n<p style=\"text-align: center;\">le 20 septembre 1840<\/p>\n<p style=\"text-align: center;\">fils de<\/p>\n<p style=\"text-align: center;\">Blaise LEBLANC, <span style=\"color: #008000;\"><strong>ma\u00e7on <\/strong><\/span><strong>\/ <\/strong>Catherine DIZIER<\/p>\n<p style=\"text-align: center;\">propri\u00e9taires cultivateurs<\/p>\n<p style=\"text-align: center;\"><span style=\"color: #ffffff;\">\u25d9<\/span><\/p>\n<p><strong>En 1861<\/strong><em>, L\u00e9onard est exempt\u00e9 de service militaire comme fils unique de veuve.<\/em><\/p>\n<p><em>Il \u00e9pouse Fran\u00e7oise <\/em><strong>MORAUD<\/strong><em> le 18 f\u00e9vrier <\/em><strong>1862<\/strong><em> \u00e0 Morterolles (contrat Berger \u00e0 Bourganeuf). Ils vivent au Breuil, commune de Morterolles. <\/em><\/p>\n<p><strong>En 1863<\/strong><em>, L\u00e9onard travaille dans le d\u00e9partement du <\/em><span style=\"color: #0000ff;\"><strong>Rh\u00f4ne<\/strong> <strong>(69)<\/strong><\/span><em> .<\/em><\/p>\n<p><strong>en 1866 et 1872<\/strong><em>, \u00e0 <\/em><span style=\"color: #0000ff;\"><strong>Paris (75)<\/strong><em>.<\/em><\/span><\/p>\n<p><em>Les \u00e9poux d\u00e9c\u00e8dent au Breuil\u00a0:<\/em><\/p>\n<ul>\n<li><em>L\u00e9onard, le 23 septembre <\/em><strong>1902<\/strong><em>, \u00e2g\u00e9 de 62 ans<\/em><\/li>\n<li><em>Fran\u00e7oise, le 5 avril <\/em><strong>1928<\/strong><em>, \u00e2g\u00e9e de 82 ans<\/em><\/li>\n<\/ul>\n<p>&nbsp;<\/p>\n","protected":false},"excerpt":{"rendered":"<p>Mis \u00e0 jour le : 25\/04\/2026L\u00e9onard LEBLANC 1840 \u2013 1902 &nbsp; ma\u00e7on n\u00e9 \u00e0 Lestrade (Saint-Junien-la-Breg\u00e8re) le 20 septembre 1840 fils de Blaise LEBLANC, ma\u00e7on \/ Catherine DIZIER propri\u00e9taires cultivateurs \u25d9 En 1861, L\u00e9onard est exempt\u00e9 de service militaire comme fils unique de veuve. Il \u00e9pouse Fran\u00e7oise MORAUD le 18 f\u00e9vrier 1862 \u00e0 Morterolles (contrat ..<\/p>\n<div class=\"clear-fix\"><\/div>\n<p><a href=\"https:\/\/www.lesmaconsdelacreuse.fr\/annuaires\/lettre-l\/l_705\/\" title=\"Lire la suite...\">Lire la suite<\/a><\/p>\n","protected":false},"author":6,"featured_media":0,"comment_status":"closed","ping_status":"closed","sticky":false,"template":"","format":"standard","meta":{"_acf_changed":false,"_exactmetrics_skip_tracking":false,"_exactmetrics_sitenote_active":false,"_exactmetrics_sitenote_note":"","_exactmetrics_sitenote_category":0,"footnotes":""},"categories":[19],"tags":[],"class_list":["post-6331","post","type-post","status-publish","format-standard","hentry","category-lettre-l"],"acf":[],"_links":{"self":[{"href":"https:\/\/www.lesmaconsdelacreuse.fr\/annuaires\/wp-json\/wp\/v2\/posts\/6331","targetHints":{"allow":["GET"]}}],"collection":[{"href":"https:\/\/www.lesmaconsdelacreuse.fr\/annuaires\/wp-json\/wp\/v2\/posts"}],"about":[{"href":"https:\/\/www.lesmaconsdelacreuse.fr\/annuaires\/wp-json\/wp\/v2\/types\/post"}],"author":[{"embeddable":true,"href":"https:\/\/www.lesmaconsdelacreuse.fr\/annuaires\/wp-json\/wp\/v2\/users\/6"}],"replies":[{"embeddable":true,"href":"https:\/\/www.lesmaconsdelacreuse.fr\/annuaires\/wp-json\/wp\/v2\/comments?post=6331"}],"version-history":[{"count":0,"href":"https:\/\/www.lesmaconsdelacreuse.fr\/annuaires\/wp-json\/wp\/v2\/posts\/6331\/revisions"}],"wp:attachment":[{"href":"https:\/\/www.lesmaconsdelacreuse.fr\/annuaires\/wp-json\/wp\/v2\/media?parent=6331"}],"wp:term":[{"taxonomy":"category","embeddable":true,"href":"https:\/\/www.lesmaconsdelacreuse.fr\/annuaires\/wp-json\/wp\/v2\/categories?post=6331"},{"taxonomy":"post_tag","embeddable":true,"href":"https:\/\/www.lesmaconsdelacreuse.fr\/annuaires\/wp-json\/wp\/v2\/tags?post=6331"}],"curies":[{"name":"wp","href":"https:\/\/api.w.org\/{rel}","templated":true}]}}