{"id":6335,"date":"2019-07-28T13:41:27","date_gmt":"2019-07-28T11:41:27","guid":{"rendered":"http:\/\/lesmaconsdelacreuse.fr\/annuaire\/?p=6335"},"modified":"2022-04-10T10:42:07","modified_gmt":"2022-04-10T08:42:07","slug":"l_676","status":"publish","type":"post","link":"https:\/\/www.lesmaconsdelacreuse.fr\/annuaires\/lettre-l\/l_676\/","title":{"rendered":"LEBLANC Jean-Louis (1866-1926)"},"content":{"rendered":"<p class=\"last-updated\"><strong>Mis \u00e0 jour le :<\/strong> 25\/04\/2026<\/p><h2 style=\"text-align: center;\"><strong>Jean-Louis LEBLANC<\/strong><\/h2>\n<p style=\"text-align: center;\"><strong>Louis LEBLANC<\/strong><\/p>\n<p style=\"text-align: center;\"><strong>1866 \u2013 1926<\/strong><\/p>\n<p style=\"text-align: center;\"><img decoding=\"async\" title=\"\" src=\"https:\/\/lesmaconsdelacreuse.fr\/annuaire\/wp-content\/uploads\/2019\/07\/image1-1532.jpg\" alt=\"\" data-source-id=\"i.0\" data-asset-id=\"6333\" \/><\/p>\n<h4 style=\"text-align: center;\"><span style=\"color: #008000;\"><strong>ma\u00e7on<\/strong><\/span><\/h4>\n<p style=\"text-align: center;\">n\u00e9 au Breuil (Morterolles)<\/p>\n<p style=\"text-align: center;\">le 21 septembre 1866<\/p>\n<p style=\"text-align: center;\">fils de<\/p>\n<p style=\"text-align: center;\">L\u00e9onard LEBLANC, <span style=\"color: #008000;\"><strong>ma\u00e7on<\/strong><\/span><\/p>\n<p style=\"text-align: center;\">Fran\u00e7oise MOREAU, cultivatrice<\/p>\n<p style=\"text-align: center;\"><span style=\"color: #ffffff;\">\u25d9<\/span><\/p>\n<p><strong>En 1891<\/strong><em>, Louis travaille \u00e0 <\/em><span style=\"color: #0000ff;\"><strong>Pantin (93)<\/strong><\/span><em> et loge 75, rue de Paris. <\/em><\/p>\n<p><strong>En 1892<\/strong><em>, il est \u00e0 <\/em><span style=\"color: #0000ff;\"><strong>Paris (75)<\/strong><\/span><em>, 110, rue Saussure.<\/em><\/p>\n<p><em> Il \u00e9pouse Fran\u00e7oise Eug\u00e9nie <\/em><strong>AMATHIEU<\/strong><em> le 8 f\u00e9vrier <\/em><strong>1894<\/strong><em> \u00e0 Bosmoreau-les-Mines (contrat Raphanaud \u00e0 Bourganeuf). Le couple habite d&rsquo;abord Le Breuil, commune de Morterolles.<\/em><\/p>\n<p><em> Jean-Louis continue \u00e0 travailler \u00e0 Paris\u00a0: <\/em><\/p>\n<p><strong>en 1899<\/strong><em>, les \u00e9poux logent 36, rue Gauthey.<\/em><\/p>\n<p><em>C\u2019est \u00e0 cette adresse que d\u00e9c\u00e8de Louis, le 19 avril <\/em><strong>1926<\/strong><em>, \u00e2g\u00e9 de 59 ans.<\/em><\/p>\n<p>&nbsp;<\/p>\n","protected":false},"excerpt":{"rendered":"<p>Mis \u00e0 jour le : 25\/04\/2026Jean-Louis LEBLANC Louis LEBLANC 1866 \u2013 1926 ma\u00e7on n\u00e9 au Breuil (Morterolles) le 21 septembre 1866 fils de L\u00e9onard LEBLANC, ma\u00e7on Fran\u00e7oise MOREAU, cultivatrice \u25d9 En 1891, Louis travaille \u00e0 Pantin (93) et loge 75, rue de Paris. En 1892, il est \u00e0 Paris (75), 110, rue Saussure. Il \u00e9pouse ..<\/p>\n<div class=\"clear-fix\"><\/div>\n<p><a href=\"https:\/\/www.lesmaconsdelacreuse.fr\/annuaires\/lettre-l\/l_676\/\" title=\"Lire la suite...\">Lire la suite<\/a><\/p>\n","protected":false},"author":6,"featured_media":0,"comment_status":"closed","ping_status":"closed","sticky":false,"template":"","format":"standard","meta":{"_acf_changed":false,"_exactmetrics_skip_tracking":false,"_exactmetrics_sitenote_active":false,"_exactmetrics_sitenote_note":"","_exactmetrics_sitenote_category":0,"footnotes":""},"categories":[19],"tags":[],"class_list":["post-6335","post","type-post","status-publish","format-standard","hentry","category-lettre-l"],"acf":[],"_links":{"self":[{"href":"https:\/\/www.lesmaconsdelacreuse.fr\/annuaires\/wp-json\/wp\/v2\/posts\/6335","targetHints":{"allow":["GET"]}}],"collection":[{"href":"https:\/\/www.lesmaconsdelacreuse.fr\/annuaires\/wp-json\/wp\/v2\/posts"}],"about":[{"href":"https:\/\/www.lesmaconsdelacreuse.fr\/annuaires\/wp-json\/wp\/v2\/types\/post"}],"author":[{"embeddable":true,"href":"https:\/\/www.lesmaconsdelacreuse.fr\/annuaires\/wp-json\/wp\/v2\/users\/6"}],"replies":[{"embeddable":true,"href":"https:\/\/www.lesmaconsdelacreuse.fr\/annuaires\/wp-json\/wp\/v2\/comments?post=6335"}],"version-history":[{"count":2,"href":"https:\/\/www.lesmaconsdelacreuse.fr\/annuaires\/wp-json\/wp\/v2\/posts\/6335\/revisions"}],"predecessor-version":[{"id":197340,"href":"https:\/\/www.lesmaconsdelacreuse.fr\/annuaires\/wp-json\/wp\/v2\/posts\/6335\/revisions\/197340"}],"wp:attachment":[{"href":"https:\/\/www.lesmaconsdelacreuse.fr\/annuaires\/wp-json\/wp\/v2\/media?parent=6335"}],"wp:term":[{"taxonomy":"category","embeddable":true,"href":"https:\/\/www.lesmaconsdelacreuse.fr\/annuaires\/wp-json\/wp\/v2\/categories?post=6335"},{"taxonomy":"post_tag","embeddable":true,"href":"https:\/\/www.lesmaconsdelacreuse.fr\/annuaires\/wp-json\/wp\/v2\/tags?post=6335"}],"curies":[{"name":"wp","href":"https:\/\/api.w.org\/{rel}","templated":true}]}}