{"id":6336,"date":"2019-07-28T13:41:27","date_gmt":"2019-07-28T11:41:27","guid":{"rendered":"http:\/\/lesmaconsdelacreuse.fr\/annuaire\/?p=6336"},"modified":"2023-01-04T14:18:39","modified_gmt":"2023-01-04T13:18:39","slug":"l_715","status":"publish","type":"post","link":"https:\/\/www.lesmaconsdelacreuse.fr\/annuaires\/lettre-l\/l_715\/","title":{"rendered":"LEBLANC Michel (vers 1695-1777)"},"content":{"rendered":"<p class=\"last-updated\"><strong>Mis \u00e0 jour le :<\/strong> 25\/04\/2026<\/p><h2 style=\"text-align: center;\"><strong>Michel LEBLANC<\/strong><\/h2>\n<p style=\"text-align: center;\"><strong>vers 1695 \u2013 1777<\/strong><\/p>\n<p style=\"text-align: center;\"><img decoding=\"async\" title=\"\" src=\"https:\/\/lesmaconsdelacreuse.fr\/annuaire\/wp-content\/uploads\/2019\/07\/image1-1533.jpg\" alt=\"\" data-source-id=\"i.0\" data-asset-id=\"6334\" \/><\/p>\n<h4 style=\"text-align: center;\"><span style=\"color: #008000;\"><strong>ma\u00e7on <\/strong>et<strong> laboureur<\/strong><\/span><\/h4>\n<p style=\"text-align: center;\">n\u00e9 \u00e0 Saint-Pierre-le-Bost\u00a0?<\/p>\n<p style=\"text-align: center;\">vers 1695<\/p>\n<p style=\"text-align: center;\">fils de<\/p>\n<p style=\"text-align: center;\">Jean LEBLANC \/ Fran\u00e7oise MARG\u00c9RIDON<\/p>\n<p style=\"text-align: center;\">laboureurs<\/p>\n<p style=\"text-align: center;\"><span style=\"color: #ffffff;\">\u25d9<\/span><\/p>\n<p><strong>En 1733<\/strong><em>, Michel \u00e9pouse Jeanne <\/em><strong>JANICAUD<\/strong>\u00a0<em> (contrat Darfeuille \u00e0 Ch\u00e2tain). <\/em><\/p>\n<p><em>Ils habitent Beauvais, commune de Saint-Pierre.<\/em><\/p>\n<p><em> Ils y d\u00e9c\u00e8dent\u00a0:<\/em><\/p>\n<ul>\n<li><em>Jeanne, le 8 mai <\/em><strong>1739<\/strong><em>, \u00e2g\u00e9e de 24 ans environ<\/em><\/li>\n<li><em>Michel, le 31 ao\u00fbt <\/em><strong>1777<\/strong><em>, \u00e2g\u00e9 de 82 ans environ<\/em><\/li>\n<\/ul>\n<p>S17<\/p>\n","protected":false},"excerpt":{"rendered":"<p>Mis \u00e0 jour le : 25\/04\/2026Michel LEBLANC vers 1695 \u2013 1777 ma\u00e7on et laboureur n\u00e9 \u00e0 Saint-Pierre-le-Bost\u00a0? vers 1695 fils de Jean LEBLANC \/ Fran\u00e7oise MARG\u00c9RIDON laboureurs \u25d9 En 1733, Michel \u00e9pouse Jeanne JANICAUD\u00a0 (contrat Darfeuille \u00e0 Ch\u00e2tain). Ils habitent Beauvais, commune de Saint-Pierre. Ils y d\u00e9c\u00e8dent\u00a0: Jeanne, le 8 mai 1739, \u00e2g\u00e9e de 24 ..<\/p>\n<div class=\"clear-fix\"><\/div>\n<p><a href=\"https:\/\/www.lesmaconsdelacreuse.fr\/annuaires\/lettre-l\/l_715\/\" title=\"Lire la suite...\">Lire la suite<\/a><\/p>\n","protected":false},"author":6,"featured_media":0,"comment_status":"closed","ping_status":"closed","sticky":false,"template":"","format":"standard","meta":{"_acf_changed":false,"_exactmetrics_skip_tracking":false,"_exactmetrics_sitenote_active":false,"_exactmetrics_sitenote_note":"","_exactmetrics_sitenote_category":0,"footnotes":""},"categories":[19],"tags":[],"class_list":["post-6336","post","type-post","status-publish","format-standard","hentry","category-lettre-l"],"acf":[],"_links":{"self":[{"href":"https:\/\/www.lesmaconsdelacreuse.fr\/annuaires\/wp-json\/wp\/v2\/posts\/6336","targetHints":{"allow":["GET"]}}],"collection":[{"href":"https:\/\/www.lesmaconsdelacreuse.fr\/annuaires\/wp-json\/wp\/v2\/posts"}],"about":[{"href":"https:\/\/www.lesmaconsdelacreuse.fr\/annuaires\/wp-json\/wp\/v2\/types\/post"}],"author":[{"embeddable":true,"href":"https:\/\/www.lesmaconsdelacreuse.fr\/annuaires\/wp-json\/wp\/v2\/users\/6"}],"replies":[{"embeddable":true,"href":"https:\/\/www.lesmaconsdelacreuse.fr\/annuaires\/wp-json\/wp\/v2\/comments?post=6336"}],"version-history":[{"count":1,"href":"https:\/\/www.lesmaconsdelacreuse.fr\/annuaires\/wp-json\/wp\/v2\/posts\/6336\/revisions"}],"predecessor-version":[{"id":203855,"href":"https:\/\/www.lesmaconsdelacreuse.fr\/annuaires\/wp-json\/wp\/v2\/posts\/6336\/revisions\/203855"}],"wp:attachment":[{"href":"https:\/\/www.lesmaconsdelacreuse.fr\/annuaires\/wp-json\/wp\/v2\/media?parent=6336"}],"wp:term":[{"taxonomy":"category","embeddable":true,"href":"https:\/\/www.lesmaconsdelacreuse.fr\/annuaires\/wp-json\/wp\/v2\/categories?post=6336"},{"taxonomy":"post_tag","embeddable":true,"href":"https:\/\/www.lesmaconsdelacreuse.fr\/annuaires\/wp-json\/wp\/v2\/tags?post=6336"}],"curies":[{"name":"wp","href":"https:\/\/api.w.org\/{rel}","templated":true}]}}