{"id":6337,"date":"2019-07-28T13:41:26","date_gmt":"2019-07-28T11:41:26","guid":{"rendered":"http:\/\/lesmaconsdelacreuse.fr\/annuaire\/?p=6337"},"modified":"2020-01-20T11:27:07","modified_gmt":"2020-01-20T10:27:07","slug":"l_677","status":"publish","type":"post","link":"https:\/\/www.lesmaconsdelacreuse.fr\/annuaires\/lettre-l\/l_677\/","title":{"rendered":"LEBLANC Jouany (1887-1918)"},"content":{"rendered":"<p class=\"last-updated\"><strong>Mis \u00e0 jour le :<\/strong> 27\/04\/2026<\/p><h2 style=\"text-align: center;\"><strong>Jouany LEBLANC<\/strong><\/h2>\n<p style=\"text-align: center;\"><strong>1887 &#8211; 1918<\/strong><\/p>\n<h4 style=\"text-align: center;\"><span style=\"color: #008000;\"><strong>ma\u00e7on<\/strong><\/span><\/h4>\n<p style=\"text-align: center;\">n\u00e9 au bourg de Saint-Pardoux-Lavaud<\/p>\n<p style=\"text-align: center;\">le 11 janvier 1887<\/p>\n<p style=\"text-align: center;\">fils de<\/p>\n<p style=\"text-align: center;\">L\u00e9onard LEBLANC, forgeron<\/p>\n<p style=\"text-align: center;\">Jeanne PIATTE, cultivatrice<\/p>\n<p style=\"text-align: center;\"><span style=\"color: #ffffff;\">\u25d9<\/span><\/p>\n<p><strong>En 1908<\/strong><em>, Jouany travaille dans le <\/em><span style=\"color: #0000ff;\"><strong>Rh\u00f4ne <\/strong><\/span><em>et y passe le conseil de r\u00e9vision.<\/em><\/p>\n<p><strong>En 1910<\/strong><em>, il habite <\/em><span style=\"color: #0000ff;\"><strong>Oullins (69)<\/strong><\/span><em>, 94, rue de la R\u00e9publique\u00a0;<\/em><\/p>\n<p><strong>en 1912<\/strong><em>, <\/em><span style=\"color: #0000ff;\"><strong>Saint-\u00c9tienne (42)<\/strong><\/span><em> 53, rue Tarentaise\u00a0;<\/em><\/p>\n<p><strong>en 1913<\/strong><em>, <\/em><span style=\"color: #0000ff;\"><strong>Saint-Forgeux (69)<\/strong><\/span><em>, travaillant \u00e0 l\u2019entreprise du tramway\u00a0;<\/em><\/p>\n<p><strong>en 1914<\/strong><em>, <\/em><span style=\"color: #0000ff;\"><strong>Lyon (69)<\/strong><\/span><em>, 31, rue Voltaire.<\/em><\/p>\n<p><em> Soldat au 212e (ou 12e) R\u00e9giment d\u2019Infanterie, il d\u00e9c\u00e8de le 20 ao\u00fbt <\/em><strong>1918<\/strong><em>, tu\u00e9 \u00e0 l\u2019ennemi au combat de Thiescourt (60), \u00e2g\u00e9 de 31 ans.<\/em><\/p>\n<p><em> Il est inhum\u00e9 \u00e0 la n\u00e9cropole nationale de Vignemont (60).<\/em><\/p>\n","protected":false},"excerpt":{"rendered":"<p>Mis \u00e0 jour le : 27\/04\/2026Jouany LEBLANC 1887 &#8211; 1918 ma\u00e7on n\u00e9 au bourg de Saint-Pardoux-Lavaud le 11 janvier 1887 fils de L\u00e9onard LEBLANC, forgeron Jeanne PIATTE, cultivatrice \u25d9 En 1908, Jouany travaille dans le Rh\u00f4ne et y passe le conseil de r\u00e9vision. En 1910, il habite Oullins (69), 94, rue de la R\u00e9publique\u00a0; en ..<\/p>\n<div class=\"clear-fix\"><\/div>\n<p><a href=\"https:\/\/www.lesmaconsdelacreuse.fr\/annuaires\/lettre-l\/l_677\/\" title=\"Lire la suite...\">Lire la suite<\/a><\/p>\n","protected":false},"author":6,"featured_media":0,"comment_status":"closed","ping_status":"closed","sticky":false,"template":"","format":"standard","meta":{"_acf_changed":false,"_exactmetrics_skip_tracking":false,"_exactmetrics_sitenote_active":false,"_exactmetrics_sitenote_note":"","_exactmetrics_sitenote_category":0,"footnotes":""},"categories":[19],"tags":[],"class_list":["post-6337","post","type-post","status-publish","format-standard","hentry","category-lettre-l"],"acf":[],"_links":{"self":[{"href":"https:\/\/www.lesmaconsdelacreuse.fr\/annuaires\/wp-json\/wp\/v2\/posts\/6337","targetHints":{"allow":["GET"]}}],"collection":[{"href":"https:\/\/www.lesmaconsdelacreuse.fr\/annuaires\/wp-json\/wp\/v2\/posts"}],"about":[{"href":"https:\/\/www.lesmaconsdelacreuse.fr\/annuaires\/wp-json\/wp\/v2\/types\/post"}],"author":[{"embeddable":true,"href":"https:\/\/www.lesmaconsdelacreuse.fr\/annuaires\/wp-json\/wp\/v2\/users\/6"}],"replies":[{"embeddable":true,"href":"https:\/\/www.lesmaconsdelacreuse.fr\/annuaires\/wp-json\/wp\/v2\/comments?post=6337"}],"version-history":[{"count":0,"href":"https:\/\/www.lesmaconsdelacreuse.fr\/annuaires\/wp-json\/wp\/v2\/posts\/6337\/revisions"}],"wp:attachment":[{"href":"https:\/\/www.lesmaconsdelacreuse.fr\/annuaires\/wp-json\/wp\/v2\/media?parent=6337"}],"wp:term":[{"taxonomy":"category","embeddable":true,"href":"https:\/\/www.lesmaconsdelacreuse.fr\/annuaires\/wp-json\/wp\/v2\/categories?post=6337"},{"taxonomy":"post_tag","embeddable":true,"href":"https:\/\/www.lesmaconsdelacreuse.fr\/annuaires\/wp-json\/wp\/v2\/tags?post=6337"}],"curies":[{"name":"wp","href":"https:\/\/api.w.org\/{rel}","templated":true}]}}