{"id":6358,"date":"2019-07-28T13:41:24","date_gmt":"2019-07-28T11:41:24","guid":{"rendered":"http:\/\/lesmaconsdelacreuse.fr\/annuaire\/?p=6358"},"modified":"2020-09-22T14:18:05","modified_gmt":"2020-09-22T12:18:05","slug":"l_675","status":"publish","type":"post","link":"https:\/\/www.lesmaconsdelacreuse.fr\/annuaires\/lettre-l\/l_675\/","title":{"rendered":"LEBLANC Jean L\u00e9onard Louis (1845-1862)"},"content":{"rendered":"<p class=\"last-updated\"><strong>Mis \u00e0 jour le :<\/strong> 27\/04\/2026<\/p><h2 style=\"text-align: center;\"><strong>Jean L\u00e9onard Louis LEBLANC<\/strong><\/h2>\n<p style=\"text-align: center;\"><strong>Louis LEBLANC<\/strong><\/p>\n<p style=\"text-align: center;\"><strong>1845 \u2013 1862<\/strong><\/p>\n<h4 style=\"text-align: center;\"><strong><span style=\"color: #008000;\">man\u0153uvre ma\u00e7on<\/span><\/strong><\/h4>\n<p>&nbsp;<\/p>\n<p style=\"text-align: center;\">n\u00e9 \u00e0 Larfouill\u00e8re (Le Monteil-au-Vicomte)<\/p>\n<p style=\"text-align: center;\">le 23 novembre 1845<\/p>\n<p style=\"text-align: center;\">fils de<\/p>\n<p style=\"text-align: center;\">Gabriel LEBLANC, <span style=\"color: #008000;\"><strong>ma\u00e7on<\/strong><\/span><\/p>\n<p style=\"text-align: center;\">Th\u00e9r\u00e8se LENOIR, cultivatrice<\/p>\n<p style=\"text-align: center;\"><span style=\"color: #ffffff;\">\u25d9<\/span><\/p>\n<p><strong>En 1862<\/strong><em>, Jean travaille \u00e0 <\/em><span style=\"color: #0000ff;\"><strong>Lyon (69)<\/strong><\/span><em> et loge chez M. Lenoir, 7, rue Jussieu.<\/em><\/p>\n<p><em>Il d\u00e9c\u00e8de \u00e0 <a href=\"https:\/\/www.lesmaconsdelacreuse.fr\/annuaires\/wp-content\/uploads\/2020\/05\/1857-L\u00e9onard-FOURNIER-vend-son-fonds-de-ma\u00e7on.jpg\">\u25ba<\/a><a href=\"https:\/\/www.lesmaconsdelacreuse.fr\/annuaires\/\/wp-content\/uploads\/PHOTOS_-_CARTES_POSTALES\/\/LYON_-_Hopital_de_lHotel-Dieu.jpg\" target=\"_blank\" rel=\"noopener noreferrer\">l\u2019H\u00f4tel-Dieu<\/a> le 3 mars de la m\u00eame ann\u00e9e, \u00e2g\u00e9 de 16 ans, <a href=\"https:\/\/www.lesmaconsdelacreuse.fr\/annuaires\/wp-content\/uploads\/2020\/05\/1857-L\u00e9onard-FOURNIER-vend-son-fonds-de-ma\u00e7on.jpg\">\u25ba<\/a> <a href=\"https:\/\/www.lesmaconsdelacreuse.fr\/annuaires\/wp-content\/uploads\/2020\/05\/1862-Accident-de-Louis-LEBLANC.jpg\" target=\"_blank\" rel=\"noopener noreferrer\">fracture du cr\u00e2ne et l\u00e9sion c\u00e9r\u00e9brale<\/a>. <\/em><\/p>\n<p>&nbsp;<\/p>\n<p>&nbsp;<\/p>\n","protected":false},"excerpt":{"rendered":"<p>Mis \u00e0 jour le : 27\/04\/2026Jean L\u00e9onard Louis LEBLANC Louis LEBLANC 1845 \u2013 1862 man\u0153uvre ma\u00e7on &nbsp; n\u00e9 \u00e0 Larfouill\u00e8re (Le Monteil-au-Vicomte) le 23 novembre 1845 fils de Gabriel LEBLANC, ma\u00e7on Th\u00e9r\u00e8se LENOIR, cultivatrice \u25d9 En 1862, Jean travaille \u00e0 Lyon (69) et loge chez M. Lenoir, 7, rue Jussieu. Il d\u00e9c\u00e8de \u00e0 \u25bal\u2019H\u00f4tel-Dieu le ..<\/p>\n<div class=\"clear-fix\"><\/div>\n<p><a href=\"https:\/\/www.lesmaconsdelacreuse.fr\/annuaires\/lettre-l\/l_675\/\" title=\"Lire la suite...\">Lire la suite<\/a><\/p>\n","protected":false},"author":6,"featured_media":0,"comment_status":"closed","ping_status":"closed","sticky":false,"template":"","format":"standard","meta":{"_acf_changed":false,"_exactmetrics_skip_tracking":false,"_exactmetrics_sitenote_active":false,"_exactmetrics_sitenote_note":"","_exactmetrics_sitenote_category":0,"footnotes":""},"categories":[19],"tags":[],"class_list":["post-6358","post","type-post","status-publish","format-standard","hentry","category-lettre-l"],"acf":[],"_links":{"self":[{"href":"https:\/\/www.lesmaconsdelacreuse.fr\/annuaires\/wp-json\/wp\/v2\/posts\/6358","targetHints":{"allow":["GET"]}}],"collection":[{"href":"https:\/\/www.lesmaconsdelacreuse.fr\/annuaires\/wp-json\/wp\/v2\/posts"}],"about":[{"href":"https:\/\/www.lesmaconsdelacreuse.fr\/annuaires\/wp-json\/wp\/v2\/types\/post"}],"author":[{"embeddable":true,"href":"https:\/\/www.lesmaconsdelacreuse.fr\/annuaires\/wp-json\/wp\/v2\/users\/6"}],"replies":[{"embeddable":true,"href":"https:\/\/www.lesmaconsdelacreuse.fr\/annuaires\/wp-json\/wp\/v2\/comments?post=6358"}],"version-history":[{"count":0,"href":"https:\/\/www.lesmaconsdelacreuse.fr\/annuaires\/wp-json\/wp\/v2\/posts\/6358\/revisions"}],"wp:attachment":[{"href":"https:\/\/www.lesmaconsdelacreuse.fr\/annuaires\/wp-json\/wp\/v2\/media?parent=6358"}],"wp:term":[{"taxonomy":"category","embeddable":true,"href":"https:\/\/www.lesmaconsdelacreuse.fr\/annuaires\/wp-json\/wp\/v2\/categories?post=6358"},{"taxonomy":"post_tag","embeddable":true,"href":"https:\/\/www.lesmaconsdelacreuse.fr\/annuaires\/wp-json\/wp\/v2\/tags?post=6358"}],"curies":[{"name":"wp","href":"https:\/\/api.w.org\/{rel}","templated":true}]}}