{"id":6360,"date":"2019-07-28T13:41:24","date_gmt":"2019-07-28T11:41:24","guid":{"rendered":"http:\/\/lesmaconsdelacreuse.fr\/annuaire\/?p=6360"},"modified":"2020-01-20T11:27:08","modified_gmt":"2020-01-20T10:27:08","slug":"l_662","status":"publish","type":"post","link":"https:\/\/www.lesmaconsdelacreuse.fr\/annuaires\/lettre-l\/l_662\/","title":{"rendered":"LEBLANC Jean (1835-entre 1869 et 1874)"},"content":{"rendered":"<p class=\"last-updated\"><strong>Mis \u00e0 jour le :<\/strong> 27\/04\/2026<\/p><h2 style=\"text-align: center;\"><strong>Jean LEBLANC<\/strong><\/h2>\n<p style=\"text-align: center;\"><strong>dit Minet<\/strong><\/p>\n<p style=\"text-align: center;\"><strong>1835 \u2013 entre 1869 et 1874<\/strong><\/p>\n<p style=\"text-align: center;\"><img decoding=\"async\" title=\"\" src=\"https:\/\/lesmaconsdelacreuse.fr\/annuaire\/wp-content\/uploads\/2019\/07\/image1-1542.jpg\" alt=\"\" data-source-id=\"i.0\" data-asset-id=\"6359\" \/><\/p>\n<h4 style=\"text-align: center;\"><span style=\"color: #008000;\"><strong>ma\u00e7on<\/strong><\/span><\/h4>\n<p style=\"text-align: center;\">n\u00e9 \u00e0 Larfouill\u00e8re (Le Monteil-au-Vicomte)<\/p>\n<p style=\"text-align: center;\">le 22 octobre 1835<\/p>\n<p style=\"text-align: center;\">fils de<\/p>\n<p style=\"text-align: center;\">Gabriel LEBLANC, <span style=\"color: #008000;\"><strong>ma\u00e7on<\/strong><\/span><\/p>\n<p style=\"text-align: center;\">Th\u00e9r\u00e8se LENOIR, cultivatrice<\/p>\n<p style=\"text-align: center;\"><span style=\"color: #ffffff;\">\u25d9<\/span><\/p>\n<p><strong>En 1856<\/strong><em>, Jean est exempt\u00e9 de service militaire comme fils a\u00een\u00e9 de veuve.<\/em><\/p>\n<p><em>Il \u00e9pouse Victorine <\/em><strong>PINLAUD<\/strong><em> le 17 f\u00e9vrier <\/em><strong>1859<\/strong><em> \u00e0 Saint-Pierre-le-Bost (contrat Descubes au Monteil). <\/em><\/p>\n<p><em>Jean travaille \u00e0 <\/em><span style=\"color: #0000ff;\"><strong>Paris (75)<\/strong><em>. <\/em><\/span><\/p>\n<p><em>Victorine d\u00e9c\u00e8de veuve \u00e0 Aurioux, commune de Saint-Pierre, le 30 d\u00e9cembre <\/em><strong>1916<\/strong><em>, \u00e2g\u00e9e de 77 ans.<\/em><\/p>\n","protected":false},"excerpt":{"rendered":"<p>Mis \u00e0 jour le : 27\/04\/2026Jean LEBLANC dit Minet 1835 \u2013 entre 1869 et 1874 ma\u00e7on n\u00e9 \u00e0 Larfouill\u00e8re (Le Monteil-au-Vicomte) le 22 octobre 1835 fils de Gabriel LEBLANC, ma\u00e7on Th\u00e9r\u00e8se LENOIR, cultivatrice \u25d9 En 1856, Jean est exempt\u00e9 de service militaire comme fils a\u00een\u00e9 de veuve. Il \u00e9pouse Victorine PINLAUD le 17 f\u00e9vrier 1859 ..<\/p>\n<div class=\"clear-fix\"><\/div>\n<p><a href=\"https:\/\/www.lesmaconsdelacreuse.fr\/annuaires\/lettre-l\/l_662\/\" title=\"Lire la suite...\">Lire la suite<\/a><\/p>\n","protected":false},"author":6,"featured_media":0,"comment_status":"closed","ping_status":"closed","sticky":false,"template":"","format":"standard","meta":{"_acf_changed":false,"_exactmetrics_skip_tracking":false,"_exactmetrics_sitenote_active":false,"_exactmetrics_sitenote_note":"","_exactmetrics_sitenote_category":0,"footnotes":""},"categories":[19],"tags":[],"class_list":["post-6360","post","type-post","status-publish","format-standard","hentry","category-lettre-l"],"acf":[],"_links":{"self":[{"href":"https:\/\/www.lesmaconsdelacreuse.fr\/annuaires\/wp-json\/wp\/v2\/posts\/6360","targetHints":{"allow":["GET"]}}],"collection":[{"href":"https:\/\/www.lesmaconsdelacreuse.fr\/annuaires\/wp-json\/wp\/v2\/posts"}],"about":[{"href":"https:\/\/www.lesmaconsdelacreuse.fr\/annuaires\/wp-json\/wp\/v2\/types\/post"}],"author":[{"embeddable":true,"href":"https:\/\/www.lesmaconsdelacreuse.fr\/annuaires\/wp-json\/wp\/v2\/users\/6"}],"replies":[{"embeddable":true,"href":"https:\/\/www.lesmaconsdelacreuse.fr\/annuaires\/wp-json\/wp\/v2\/comments?post=6360"}],"version-history":[{"count":0,"href":"https:\/\/www.lesmaconsdelacreuse.fr\/annuaires\/wp-json\/wp\/v2\/posts\/6360\/revisions"}],"wp:attachment":[{"href":"https:\/\/www.lesmaconsdelacreuse.fr\/annuaires\/wp-json\/wp\/v2\/media?parent=6360"}],"wp:term":[{"taxonomy":"category","embeddable":true,"href":"https:\/\/www.lesmaconsdelacreuse.fr\/annuaires\/wp-json\/wp\/v2\/categories?post=6360"},{"taxonomy":"post_tag","embeddable":true,"href":"https:\/\/www.lesmaconsdelacreuse.fr\/annuaires\/wp-json\/wp\/v2\/tags?post=6360"}],"curies":[{"name":"wp","href":"https:\/\/api.w.org\/{rel}","templated":true}]}}