{"id":6362,"date":"2019-07-28T13:41:24","date_gmt":"2019-07-28T11:41:24","guid":{"rendered":"http:\/\/lesmaconsdelacreuse.fr\/annuaire\/?p=6362"},"modified":"2020-10-08T14:56:32","modified_gmt":"2020-10-08T12:56:32","slug":"l_673","status":"publish","type":"post","link":"https:\/\/www.lesmaconsdelacreuse.fr\/annuaires\/lettre-l\/l_673\/","title":{"rendered":"LEBLANC Jean \u00c9mile (1872-apr\u00e8s 1913)"},"content":{"rendered":"<p class=\"last-updated\"><strong>Mis \u00e0 jour le :<\/strong> 27\/04\/2026<\/p><h2 style=\"text-align: center;\"><strong>Jean \u00c9mile LEBLANC<\/strong><\/h2>\n<p style=\"text-align: center;\"><strong>\u00c9mile LEBLANC<\/strong><\/p>\n<p style=\"text-align: center;\"><strong>1872 \u2013 apr\u00e8s 1913<\/strong><\/p>\n<p style=\"text-align: center;\"><img loading=\"lazy\" decoding=\"async\" class=\"\" title=\"\" src=\"https:\/\/lesmaconsdelacreuse.fr\/annuaire\/wp-content\/uploads\/2019\/07\/image1-1543.jpg\" alt=\"\" width=\"343\" height=\"59\" data-source-id=\"i.0\" data-asset-id=\"6361\" \/><\/p>\n<h4 style=\"text-align: center;\"><strong><span style=\"color: #008000;\"><em>\u25ba<\/em><a href=\"https:\/\/www.lesmaconsdelacreuse.fr\/annuaires\/wp-content\/uploads\/2020\/08\/CONTREMAITRE-MA\u00c7ON.png\" target=\"_blank\" rel=\"noopener noreferrer\"><span style=\"color: #008000;\">contrema\u00eetre<\/span><\/a> ma\u00e7on<\/span><\/strong><\/h4>\n<p>&nbsp;<\/p>\n<p style=\"text-align: center;\">n\u00e9 \u00e0 Haute-Faye (Roy\u00e8re)<\/p>\n<p style=\"text-align: center;\">le 21 octobre 1872<\/p>\n<p style=\"text-align: center;\">fils de<\/p>\n<p style=\"text-align: center;\">L\u00e9onard LEBLANC, <span style=\"color: #008000;\"><strong>ma\u00e7on<\/strong><\/span><\/p>\n<p style=\"text-align: center;\">Marie JARRY, cultivatrice<\/p>\n<p style=\"text-align: center;\"><span style=\"color: #ffffff;\">\u25d9<\/span><\/p>\n<p><strong>En 1902<\/strong><em>, \u00c9mile, <\/em><span style=\"color: #008000;\"><strong>ma\u00e7on<\/strong><\/span><em>, travaille \u00e0 <\/em><span style=\"color: #0000ff;\"><strong>Lyon (69)<\/strong><\/span><em> et loge 132, rue Garibaldi.<\/em><\/p>\n<p><em>Il \u00e9pouse Marie Eug\u00e9nie <\/em><strong>RAYAUD <\/strong><em>native de l\u2019Ain, le 20 septembre de la m\u00eame ann\u00e9e \u00e0 Lyon 6e (mari\u00e9s sans contrat)\u00a0. <\/em><\/p>\n<p><strong>En 1913<\/strong><em>, il est <\/em><span style=\"color: #008000;\"><strong>contrema\u00eetre<\/strong><\/span><em> et membre de l\u2019association du \u25ba<a href=\"https:\/\/www.lesmaconsdelacreuse.fr\/annuaires\/wp-content\/uploads\/2020\/08\/DOUBLE-M\u00c8TRE.png\" target=\"_blank\" rel=\"noopener noreferrer\">Double-M\u00e8tre<\/a><a href=\"https:\/\/www.lesmaconsdelacreuse.fr\/annuaires\/\/wp-content\/uploads\/LEXIQUE\/DOUBLE-METRE.pdf\" target=\"_blank\" rel=\"noopener noreferrer\">\u00a0<\/a> ; il loge 43, rue de la Villette.<\/em><\/p>\n<p>&nbsp;<\/p>\n","protected":false},"excerpt":{"rendered":"<p>Mis \u00e0 jour le : 27\/04\/2026Jean \u00c9mile LEBLANC \u00c9mile LEBLANC 1872 \u2013 apr\u00e8s 1913 \u25bacontrema\u00eetre ma\u00e7on &nbsp; n\u00e9 \u00e0 Haute-Faye (Roy\u00e8re) le 21 octobre 1872 fils de L\u00e9onard LEBLANC, ma\u00e7on Marie JARRY, cultivatrice \u25d9 En 1902, \u00c9mile, ma\u00e7on, travaille \u00e0 Lyon (69) et loge 132, rue Garibaldi. Il \u00e9pouse Marie Eug\u00e9nie RAYAUD native de l\u2019Ain, ..<\/p>\n<div class=\"clear-fix\"><\/div>\n<p><a href=\"https:\/\/www.lesmaconsdelacreuse.fr\/annuaires\/lettre-l\/l_673\/\" title=\"Lire la suite...\">Lire la suite<\/a><\/p>\n","protected":false},"author":6,"featured_media":0,"comment_status":"closed","ping_status":"closed","sticky":false,"template":"","format":"standard","meta":{"_acf_changed":false,"_exactmetrics_skip_tracking":false,"_exactmetrics_sitenote_active":false,"_exactmetrics_sitenote_note":"","_exactmetrics_sitenote_category":0,"footnotes":""},"categories":[19],"tags":[],"class_list":["post-6362","post","type-post","status-publish","format-standard","hentry","category-lettre-l"],"acf":[],"_links":{"self":[{"href":"https:\/\/www.lesmaconsdelacreuse.fr\/annuaires\/wp-json\/wp\/v2\/posts\/6362","targetHints":{"allow":["GET"]}}],"collection":[{"href":"https:\/\/www.lesmaconsdelacreuse.fr\/annuaires\/wp-json\/wp\/v2\/posts"}],"about":[{"href":"https:\/\/www.lesmaconsdelacreuse.fr\/annuaires\/wp-json\/wp\/v2\/types\/post"}],"author":[{"embeddable":true,"href":"https:\/\/www.lesmaconsdelacreuse.fr\/annuaires\/wp-json\/wp\/v2\/users\/6"}],"replies":[{"embeddable":true,"href":"https:\/\/www.lesmaconsdelacreuse.fr\/annuaires\/wp-json\/wp\/v2\/comments?post=6362"}],"version-history":[{"count":0,"href":"https:\/\/www.lesmaconsdelacreuse.fr\/annuaires\/wp-json\/wp\/v2\/posts\/6362\/revisions"}],"wp:attachment":[{"href":"https:\/\/www.lesmaconsdelacreuse.fr\/annuaires\/wp-json\/wp\/v2\/media?parent=6362"}],"wp:term":[{"taxonomy":"category","embeddable":true,"href":"https:\/\/www.lesmaconsdelacreuse.fr\/annuaires\/wp-json\/wp\/v2\/categories?post=6362"},{"taxonomy":"post_tag","embeddable":true,"href":"https:\/\/www.lesmaconsdelacreuse.fr\/annuaires\/wp-json\/wp\/v2\/tags?post=6362"}],"curies":[{"name":"wp","href":"https:\/\/api.w.org\/{rel}","templated":true}]}}