{"id":6372,"date":"2019-07-28T13:41:23","date_gmt":"2019-07-28T11:41:23","guid":{"rendered":"http:\/\/lesmaconsdelacreuse.fr\/annuaire\/?p=6372"},"modified":"2020-01-20T11:27:09","modified_gmt":"2020-01-20T10:27:09","slug":"l_686","status":"publish","type":"post","link":"https:\/\/www.lesmaconsdelacreuse.fr\/annuaires\/lettre-l\/l_686\/","title":{"rendered":"LEBLANC L\u00e9onard (vers 1713-apr\u00e8s 1751)"},"content":{"rendered":"<p class=\"last-updated\"><strong>Mis \u00e0 jour le :<\/strong> 27\/04\/2026<\/p><h2 style=\"text-align: center;\"><strong>L\u00e9onard LEBLANC<\/strong><\/h2>\n<p style=\"text-align: center;\"><strong>vers 1713 \u2013 apr\u00e8s 1751<\/strong><\/p>\n<p style=\"text-align: center;\"><img decoding=\"async\" title=\"\" src=\"https:\/\/lesmaconsdelacreuse.fr\/annuaire\/wp-content\/uploads\/2019\/07\/image1-1547.jpg\" alt=\"\" data-source-id=\"i.0\" data-asset-id=\"6371\" \/><\/p>\n<h4 style=\"text-align: center;\"><span style=\"color: #008000;\"><strong>ma\u00e7on <\/strong>et<strong> laboureur<\/strong><\/span><\/h4>\n<p style=\"text-align: center;\">n\u00e9 \u00e0 La Vergne (Saint-Martin-Ch\u00e2teau)\u00a0?<\/p>\n<p style=\"text-align: center;\">vers 1713<\/p>\n<p style=\"text-align: center;\"><span style=\"color: #ffffff;\">\u25d9<\/span><\/p>\n<p><em>L\u00e9onard \u00e9pouse Marguerite <\/em><strong>VEJOLLES<\/strong><em> le 22 janvier <\/em><strong>1737<\/strong> <em>\u00e0 Saint-Martin. Ils habitent La Cour, m\u00eame paroisse.<\/em><\/p>\n<p><em> Marguerite y d\u00e9c\u00e8de le 18 juillet <\/em><strong>1749<\/strong><em>, \u00e2g\u00e9e de 32 ans.<\/em><\/p>\n<p><em>L\u00e9onard se remarie le 2 f\u00e9vrier <\/em><strong>1751<\/strong><em> \u00e0 Saint-Martin avec L\u00e9onarde <\/em><strong>GIRAUDON<\/strong><em>. Ils habitent aussi La Cour. <\/em><\/p>\n","protected":false},"excerpt":{"rendered":"<p>Mis \u00e0 jour le : 27\/04\/2026L\u00e9onard LEBLANC vers 1713 \u2013 apr\u00e8s 1751 ma\u00e7on et laboureur n\u00e9 \u00e0 La Vergne (Saint-Martin-Ch\u00e2teau)\u00a0? vers 1713 \u25d9 L\u00e9onard \u00e9pouse Marguerite VEJOLLES le 22 janvier 1737 \u00e0 Saint-Martin. Ils habitent La Cour, m\u00eame paroisse. Marguerite y d\u00e9c\u00e8de le 18 juillet 1749, \u00e2g\u00e9e de 32 ans. L\u00e9onard se remarie le 2 ..<\/p>\n<div class=\"clear-fix\"><\/div>\n<p><a href=\"https:\/\/www.lesmaconsdelacreuse.fr\/annuaires\/lettre-l\/l_686\/\" title=\"Lire la suite...\">Lire la suite<\/a><\/p>\n","protected":false},"author":6,"featured_media":0,"comment_status":"closed","ping_status":"closed","sticky":false,"template":"","format":"standard","meta":{"_acf_changed":false,"_exactmetrics_skip_tracking":false,"_exactmetrics_sitenote_active":false,"_exactmetrics_sitenote_note":"","_exactmetrics_sitenote_category":0,"footnotes":""},"categories":[19],"tags":[],"class_list":["post-6372","post","type-post","status-publish","format-standard","hentry","category-lettre-l"],"acf":[],"_links":{"self":[{"href":"https:\/\/www.lesmaconsdelacreuse.fr\/annuaires\/wp-json\/wp\/v2\/posts\/6372","targetHints":{"allow":["GET"]}}],"collection":[{"href":"https:\/\/www.lesmaconsdelacreuse.fr\/annuaires\/wp-json\/wp\/v2\/posts"}],"about":[{"href":"https:\/\/www.lesmaconsdelacreuse.fr\/annuaires\/wp-json\/wp\/v2\/types\/post"}],"author":[{"embeddable":true,"href":"https:\/\/www.lesmaconsdelacreuse.fr\/annuaires\/wp-json\/wp\/v2\/users\/6"}],"replies":[{"embeddable":true,"href":"https:\/\/www.lesmaconsdelacreuse.fr\/annuaires\/wp-json\/wp\/v2\/comments?post=6372"}],"version-history":[{"count":0,"href":"https:\/\/www.lesmaconsdelacreuse.fr\/annuaires\/wp-json\/wp\/v2\/posts\/6372\/revisions"}],"wp:attachment":[{"href":"https:\/\/www.lesmaconsdelacreuse.fr\/annuaires\/wp-json\/wp\/v2\/media?parent=6372"}],"wp:term":[{"taxonomy":"category","embeddable":true,"href":"https:\/\/www.lesmaconsdelacreuse.fr\/annuaires\/wp-json\/wp\/v2\/categories?post=6372"},{"taxonomy":"post_tag","embeddable":true,"href":"https:\/\/www.lesmaconsdelacreuse.fr\/annuaires\/wp-json\/wp\/v2\/tags?post=6372"}],"curies":[{"name":"wp","href":"https:\/\/api.w.org\/{rel}","templated":true}]}}