{"id":6380,"date":"2019-07-28T13:41:22","date_gmt":"2019-07-28T11:41:22","guid":{"rendered":"http:\/\/lesmaconsdelacreuse.fr\/annuaire\/?p=6380"},"modified":"2020-01-20T11:27:12","modified_gmt":"2020-01-20T10:27:12","slug":"l_685","status":"publish","type":"post","link":"https:\/\/www.lesmaconsdelacreuse.fr\/annuaires\/lettre-l\/l_685\/","title":{"rendered":"LEBLANC L\u00e9onard (1703-1743)"},"content":{"rendered":"<p class=\"last-updated\"><strong>Mis \u00e0 jour le :<\/strong> 27\/04\/2026<\/p><h2 style=\"text-align: center;\"><strong>L\u00e9onard LEBLANC<\/strong><\/h2>\n<p style=\"text-align: center;\"><strong>L\u00e9onard LEBLANC l\u2019a\u00een\u00e9<\/strong><\/p>\n<p style=\"text-align: center;\"><strong>1703 \u2013 1743<\/strong><\/p>\n<p style=\"text-align: center;\"><img decoding=\"async\" title=\"\" src=\"https:\/\/lesmaconsdelacreuse.fr\/annuaire\/wp-content\/uploads\/2019\/07\/image1-1549.jpg\" alt=\"\" data-source-id=\"i.0\" data-asset-id=\"6379\" \/><\/p>\n<h4 style=\"text-align: center;\"><span style=\"color: #008000;\"><strong>ma\u00e7on <\/strong>et<strong> laboureur<\/strong><\/span><\/h4>\n<p style=\"text-align: center;\">n\u00e9 \u00e0 Augerolles (Saint-Pardoux-Lavaud)<\/p>\n<p style=\"text-align: center;\">le 2 juin 1703<\/p>\n<p style=\"text-align: center;\">fils de<\/p>\n<p style=\"text-align: center;\">Pierre LEBLANC, <span style=\"color: #008000;\"><strong>ma\u00e7on <\/strong><\/span><strong>\/ <\/strong>Fran\u00e7oise COUTURIER<\/p>\n<p style=\"text-align: center;\">laboureurs<\/p>\n<p style=\"text-align: center;\"><span style=\"color: #ffffff;\">\u25d9<\/span><\/p>\n<p><em>L\u00e9onard \u00e9pouse Anne <\/em><strong>BRUN<\/strong><em> le 11 f\u00e9vrier <\/em><strong>1727<\/strong><em> \u00e0 Morterolles (contrat Darfeuille \u00e0 Ch\u00e2tain). Ils habitent Augerolles.<\/em><\/p>\n<p><em> Anne y d\u00e9c\u00e8de le 13 novembre <\/em><strong>1733<\/strong><em>, \u00e2g\u00e9e de 24 ans.<\/em><\/p>\n<p><em>L\u00e9onard se remarie le 8 f\u00e9vrier <\/em><strong>1734<\/strong><em> au Compeix avec Marie <\/em><strong>PETIT<\/strong><em> (contrat Rouchon \u00e0 Bourganeuf). Ils habitent aussi Augerolles. <\/em><\/p>\n<p><em>Ils d\u00e9c\u00e8dent\u00a0:<\/em><\/p>\n<ul>\n<li><em>L\u00e9onard, \u00e0 Augerolles, le 22 avril <\/em><strong>1743<\/strong><em>, \u00e2g\u00e9 de 39 ans<\/em><\/li>\n<li><em>Marie, \u00e0 La Borderie, paroisse du Compeix, le 25 mars <\/em><strong>1755<\/strong><em>, \u00e2g\u00e9e de 40 ans environ<\/em><\/li>\n<\/ul>\n","protected":false},"excerpt":{"rendered":"<p>Mis \u00e0 jour le : 27\/04\/2026L\u00e9onard LEBLANC L\u00e9onard LEBLANC l\u2019a\u00een\u00e9 1703 \u2013 1743 ma\u00e7on et laboureur n\u00e9 \u00e0 Augerolles (Saint-Pardoux-Lavaud) le 2 juin 1703 fils de Pierre LEBLANC, ma\u00e7on \/ Fran\u00e7oise COUTURIER laboureurs \u25d9 L\u00e9onard \u00e9pouse Anne BRUN le 11 f\u00e9vrier 1727 \u00e0 Morterolles (contrat Darfeuille \u00e0 Ch\u00e2tain). Ils habitent Augerolles. Anne y d\u00e9c\u00e8de le ..<\/p>\n<div class=\"clear-fix\"><\/div>\n<p><a href=\"https:\/\/www.lesmaconsdelacreuse.fr\/annuaires\/lettre-l\/l_685\/\" title=\"Lire la suite...\">Lire la suite<\/a><\/p>\n","protected":false},"author":6,"featured_media":0,"comment_status":"closed","ping_status":"closed","sticky":false,"template":"","format":"standard","meta":{"_acf_changed":false,"_exactmetrics_skip_tracking":false,"_exactmetrics_sitenote_active":false,"_exactmetrics_sitenote_note":"","_exactmetrics_sitenote_category":0,"footnotes":""},"categories":[19],"tags":[],"class_list":["post-6380","post","type-post","status-publish","format-standard","hentry","category-lettre-l"],"acf":[],"_links":{"self":[{"href":"https:\/\/www.lesmaconsdelacreuse.fr\/annuaires\/wp-json\/wp\/v2\/posts\/6380","targetHints":{"allow":["GET"]}}],"collection":[{"href":"https:\/\/www.lesmaconsdelacreuse.fr\/annuaires\/wp-json\/wp\/v2\/posts"}],"about":[{"href":"https:\/\/www.lesmaconsdelacreuse.fr\/annuaires\/wp-json\/wp\/v2\/types\/post"}],"author":[{"embeddable":true,"href":"https:\/\/www.lesmaconsdelacreuse.fr\/annuaires\/wp-json\/wp\/v2\/users\/6"}],"replies":[{"embeddable":true,"href":"https:\/\/www.lesmaconsdelacreuse.fr\/annuaires\/wp-json\/wp\/v2\/comments?post=6380"}],"version-history":[{"count":0,"href":"https:\/\/www.lesmaconsdelacreuse.fr\/annuaires\/wp-json\/wp\/v2\/posts\/6380\/revisions"}],"wp:attachment":[{"href":"https:\/\/www.lesmaconsdelacreuse.fr\/annuaires\/wp-json\/wp\/v2\/media?parent=6380"}],"wp:term":[{"taxonomy":"category","embeddable":true,"href":"https:\/\/www.lesmaconsdelacreuse.fr\/annuaires\/wp-json\/wp\/v2\/categories?post=6380"},{"taxonomy":"post_tag","embeddable":true,"href":"https:\/\/www.lesmaconsdelacreuse.fr\/annuaires\/wp-json\/wp\/v2\/tags?post=6380"}],"curies":[{"name":"wp","href":"https:\/\/api.w.org\/{rel}","templated":true}]}}