{"id":6385,"date":"2019-07-28T13:41:22","date_gmt":"2019-07-28T11:41:22","guid":{"rendered":"http:\/\/lesmaconsdelacreuse.fr\/annuaire\/?p=6385"},"modified":"2020-01-20T11:27:10","modified_gmt":"2020-01-20T10:27:10","slug":"l_669","status":"publish","type":"post","link":"https:\/\/www.lesmaconsdelacreuse.fr\/annuaires\/lettre-l\/l_669\/","title":{"rendered":"LEBLANC Jean (1854-1940)"},"content":{"rendered":"<p class=\"last-updated\"><strong>Mis \u00e0 jour le :<\/strong> 27\/04\/2026<\/p><h2 style=\"text-align: center;\"><strong>Jean LEBLANC<\/strong><\/h2>\n<p style=\"text-align: center;\"><strong>1854 \u2013 1940<\/strong><\/p>\n<p style=\"text-align: center;\"><img decoding=\"async\" title=\"\" src=\"https:\/\/lesmaconsdelacreuse.fr\/annuaire\/wp-content\/uploads\/2019\/07\/image1-1551.jpg\" alt=\"\" data-source-id=\"i.0\" data-asset-id=\"6384\" \/><\/p>\n<h4 style=\"text-align: center;\"><span style=\"color: #008000;\"><strong>ma\u00e7on<\/strong> et <strong>cultivateur<\/strong><\/span><\/h4>\n<p style=\"text-align: center;\">n\u00e9 \u00e0 La Borderie (Saint-Pierre-le-Bost)<\/p>\n<p style=\"text-align: center;\">le 4 d\u00e9cembre 1854<\/p>\n<p style=\"text-align: center;\">fils de<\/p>\n<p style=\"text-align: center;\">Jean LEBLANC, <span style=\"color: #008000;\"><strong>ma\u00e7on <\/strong><\/span>et<strong> <span style=\"color: #008000;\">tailleur de pierre<\/span><\/strong><\/p>\n<p style=\"text-align: center;\">Th\u00e9r\u00e8se JARRY<\/p>\n<p style=\"text-align: center;\">propri\u00e9taires cultivateurs<\/p>\n<p style=\"text-align: center;\"><span style=\"color: #ffffff;\">\u25d9<\/span><\/p>\n<p><em>Jean habite un temps <\/em><span style=\"color: #0000ff;\"><strong>Paris (75)<\/strong><\/span><em>, 20, rue des \u00c9couffes.<\/em><\/p>\n<p><em> Il \u00e9pouse Marie <\/em><strong>GARDELLE<\/strong><em> le 13 janvier <\/em><strong>1877<\/strong><em> \u00e0 Saint-Pierre (contrat Toumieux \u00e0 Roy\u00e8re). Ils habitent La Borderie. <\/em><\/p>\n<p>En 1879<em>, Jean travaille \u00e0 <\/em><span style=\"color: #0000ff;\"><strong>Lyon (69)<\/strong><\/span><em>.<\/em><\/p>\n<p><em>Les \u00e9poux d\u00e9c\u00e8dent \u00e0 La Borderie\u00a0:<\/em><\/p>\n<ul>\n<li><em> Marie, le 3 mai <\/em><strong>1927<\/strong><em>, \u00e2g\u00e9e de 71 ans<\/em><\/li>\n<li><em> Jean, le 15 f\u00e9vrier <\/em><strong>1940<\/strong><em>, \u00e2g\u00e9 de 85 ans<\/em><\/li>\n<\/ul>\n","protected":false},"excerpt":{"rendered":"<p>Mis \u00e0 jour le : 27\/04\/2026Jean LEBLANC 1854 \u2013 1940 ma\u00e7on et cultivateur n\u00e9 \u00e0 La Borderie (Saint-Pierre-le-Bost) le 4 d\u00e9cembre 1854 fils de Jean LEBLANC, ma\u00e7on et tailleur de pierre Th\u00e9r\u00e8se JARRY propri\u00e9taires cultivateurs \u25d9 Jean habite un temps Paris (75), 20, rue des \u00c9couffes. Il \u00e9pouse Marie GARDELLE le 13 janvier 1877 \u00e0 ..<\/p>\n<div class=\"clear-fix\"><\/div>\n<p><a href=\"https:\/\/www.lesmaconsdelacreuse.fr\/annuaires\/lettre-l\/l_669\/\" title=\"Lire la suite...\">Lire la suite<\/a><\/p>\n","protected":false},"author":6,"featured_media":0,"comment_status":"closed","ping_status":"closed","sticky":false,"template":"","format":"standard","meta":{"_acf_changed":false,"_exactmetrics_skip_tracking":false,"_exactmetrics_sitenote_active":false,"_exactmetrics_sitenote_note":"","_exactmetrics_sitenote_category":0,"footnotes":""},"categories":[19],"tags":[],"class_list":["post-6385","post","type-post","status-publish","format-standard","hentry","category-lettre-l"],"acf":[],"_links":{"self":[{"href":"https:\/\/www.lesmaconsdelacreuse.fr\/annuaires\/wp-json\/wp\/v2\/posts\/6385","targetHints":{"allow":["GET"]}}],"collection":[{"href":"https:\/\/www.lesmaconsdelacreuse.fr\/annuaires\/wp-json\/wp\/v2\/posts"}],"about":[{"href":"https:\/\/www.lesmaconsdelacreuse.fr\/annuaires\/wp-json\/wp\/v2\/types\/post"}],"author":[{"embeddable":true,"href":"https:\/\/www.lesmaconsdelacreuse.fr\/annuaires\/wp-json\/wp\/v2\/users\/6"}],"replies":[{"embeddable":true,"href":"https:\/\/www.lesmaconsdelacreuse.fr\/annuaires\/wp-json\/wp\/v2\/comments?post=6385"}],"version-history":[{"count":0,"href":"https:\/\/www.lesmaconsdelacreuse.fr\/annuaires\/wp-json\/wp\/v2\/posts\/6385\/revisions"}],"wp:attachment":[{"href":"https:\/\/www.lesmaconsdelacreuse.fr\/annuaires\/wp-json\/wp\/v2\/media?parent=6385"}],"wp:term":[{"taxonomy":"category","embeddable":true,"href":"https:\/\/www.lesmaconsdelacreuse.fr\/annuaires\/wp-json\/wp\/v2\/categories?post=6385"},{"taxonomy":"post_tag","embeddable":true,"href":"https:\/\/www.lesmaconsdelacreuse.fr\/annuaires\/wp-json\/wp\/v2\/tags?post=6385"}],"curies":[{"name":"wp","href":"https:\/\/api.w.org\/{rel}","templated":true}]}}