{"id":6387,"date":"2019-07-28T13:41:22","date_gmt":"2019-07-28T11:41:22","guid":{"rendered":"http:\/\/lesmaconsdelacreuse.fr\/annuaire\/?p=6387"},"modified":"2022-06-06T18:04:10","modified_gmt":"2022-06-06T16:04:10","slug":"l_672","status":"publish","type":"post","link":"https:\/\/www.lesmaconsdelacreuse.fr\/annuaires\/lettre-l\/l_672\/","title":{"rendered":"LEBLANC Jean-Baptiste L\u00e9on (1840-1902)"},"content":{"rendered":"<p class=\"last-updated\"><strong>Mis \u00e0 jour le :<\/strong> 27\/04\/2026<\/p><h2 style=\"text-align: center;\"><strong>Jean-Baptiste L\u00e9on LEBLANC<\/strong><\/h2>\n<p style=\"text-align: center;\"><strong>1840 \u2013 1902<\/strong><\/p>\n<p><a href=\"https:\/\/www.lesmaconsdelacreuse.fr\/annuaires\/wp-content\/uploads\/2019\/07\/LEBLANC-Jean-Baptiste-Leon-1840.jpg\"><img loading=\"lazy\" decoding=\"async\" class=\"size-full wp-image-199980 aligncenter\" src=\"https:\/\/www.lesmaconsdelacreuse.fr\/annuaires\/wp-content\/uploads\/2019\/07\/LEBLANC-Jean-Baptiste-Leon-1840.jpg\" alt=\"\" width=\"110\" height=\"77\" srcset=\"https:\/\/www.lesmaconsdelacreuse.fr\/annuaires\/wp-content\/uploads\/2019\/07\/LEBLANC-Jean-Baptiste-Leon-1840.jpg 110w, https:\/\/www.lesmaconsdelacreuse.fr\/annuaires\/wp-content\/uploads\/2019\/07\/LEBLANC-Jean-Baptiste-Leon-1840-16x12.jpg 16w\" sizes=\"auto, (max-width: 110px) 100vw, 110px\" \/><\/a><\/p>\n<h4 style=\"text-align: center;\"><span style=\"color: #008000;\"><strong>ma\u00e7on<\/strong><em>, <\/em>puis <strong>boulanger<\/strong><\/span><\/h4>\n<p style=\"text-align: center;\">n\u00e9 au bourg du Monteil-au-Vicomte<\/p>\n<p style=\"text-align: center;\">le 12 juillet 1840<\/p>\n<p style=\"text-align: center;\">fils de<\/p>\n<p style=\"text-align: center;\">L\u00e9onard LEBLANC,<span style=\"color: #008000;\"> <strong>ma\u00e7on <\/strong><\/span><strong>\/ <\/strong>Fran\u00e7oise Ars\u00e8ne LABORDERIE<\/p>\n<p style=\"text-align: center;\">propri\u00e9taires cultivateurs<\/p>\n<p style=\"text-align: center;\"><span style=\"color: #ffffff;\">\u25d9<\/span><\/p>\n<p><strong>En 1861<\/strong><em>, Jean-Baptiste, <\/em><span style=\"color: #008000;\"><strong>ma\u00e7on<\/strong><\/span><em>, travaille dans la <\/em><span style=\"color: #0000ff;\"><strong>Seine (75)<\/strong><\/span><em> et y passe le conseil de r\u00e9vision.<\/em><\/p>\n<p><em> Il \u00e9pouse Jeanne <\/em><strong>CADROT<\/strong><em>, servante,<\/em><em> le 18 janvier <\/em><strong>1872<\/strong><em> au Monteil-au-Vicomte (contrat Laville au Monteil). <\/em><\/p>\n<p><em>Il d\u00e9c\u00e8de veuf \u00e0 Uro, Nouvelle-Cal\u00e9donie, le 16 juillet <\/em><strong>1902<\/strong><em>, \u00e2g\u00e9 de 62 ans.<\/em><\/p>\n","protected":false},"excerpt":{"rendered":"<p>Mis \u00e0 jour le : 27\/04\/2026Jean-Baptiste L\u00e9on LEBLANC 1840 \u2013 1902 ma\u00e7on, puis boulanger n\u00e9 au bourg du Monteil-au-Vicomte le 12 juillet 1840 fils de L\u00e9onard LEBLANC, ma\u00e7on \/ Fran\u00e7oise Ars\u00e8ne LABORDERIE propri\u00e9taires cultivateurs \u25d9 En 1861, Jean-Baptiste, ma\u00e7on, travaille dans la Seine (75) et y passe le conseil de r\u00e9vision. Il \u00e9pouse Jeanne CADROT, ..<\/p>\n<div class=\"clear-fix\"><\/div>\n<p><a href=\"https:\/\/www.lesmaconsdelacreuse.fr\/annuaires\/lettre-l\/l_672\/\" title=\"Lire la suite...\">Lire la suite<\/a><\/p>\n","protected":false},"author":6,"featured_media":0,"comment_status":"closed","ping_status":"closed","sticky":false,"template":"","format":"standard","meta":{"_acf_changed":false,"_exactmetrics_skip_tracking":false,"_exactmetrics_sitenote_active":false,"_exactmetrics_sitenote_note":"","_exactmetrics_sitenote_category":0,"footnotes":""},"categories":[19],"tags":[],"class_list":["post-6387","post","type-post","status-publish","format-standard","hentry","category-lettre-l"],"acf":[],"_links":{"self":[{"href":"https:\/\/www.lesmaconsdelacreuse.fr\/annuaires\/wp-json\/wp\/v2\/posts\/6387","targetHints":{"allow":["GET"]}}],"collection":[{"href":"https:\/\/www.lesmaconsdelacreuse.fr\/annuaires\/wp-json\/wp\/v2\/posts"}],"about":[{"href":"https:\/\/www.lesmaconsdelacreuse.fr\/annuaires\/wp-json\/wp\/v2\/types\/post"}],"author":[{"embeddable":true,"href":"https:\/\/www.lesmaconsdelacreuse.fr\/annuaires\/wp-json\/wp\/v2\/users\/6"}],"replies":[{"embeddable":true,"href":"https:\/\/www.lesmaconsdelacreuse.fr\/annuaires\/wp-json\/wp\/v2\/comments?post=6387"}],"version-history":[{"count":2,"href":"https:\/\/www.lesmaconsdelacreuse.fr\/annuaires\/wp-json\/wp\/v2\/posts\/6387\/revisions"}],"predecessor-version":[{"id":199981,"href":"https:\/\/www.lesmaconsdelacreuse.fr\/annuaires\/wp-json\/wp\/v2\/posts\/6387\/revisions\/199981"}],"wp:attachment":[{"href":"https:\/\/www.lesmaconsdelacreuse.fr\/annuaires\/wp-json\/wp\/v2\/media?parent=6387"}],"wp:term":[{"taxonomy":"category","embeddable":true,"href":"https:\/\/www.lesmaconsdelacreuse.fr\/annuaires\/wp-json\/wp\/v2\/categories?post=6387"},{"taxonomy":"post_tag","embeddable":true,"href":"https:\/\/www.lesmaconsdelacreuse.fr\/annuaires\/wp-json\/wp\/v2\/tags?post=6387"}],"curies":[{"name":"wp","href":"https:\/\/api.w.org\/{rel}","templated":true}]}}