{"id":6389,"date":"2019-07-28T13:41:21","date_gmt":"2019-07-28T11:41:21","guid":{"rendered":"http:\/\/lesmaconsdelacreuse.fr\/annuaire\/?p=6389"},"modified":"2020-10-05T14:51:37","modified_gmt":"2020-10-05T12:51:37","slug":"l_657","status":"publish","type":"post","link":"https:\/\/www.lesmaconsdelacreuse.fr\/annuaires\/lettre-l\/l_657\/","title":{"rendered":"LEBLANC Jean (1821-1894)"},"content":{"rendered":"<p class=\"last-updated\"><strong>Mis \u00e0 jour le :<\/strong> 27\/04\/2026<\/p><h2 style=\"text-align: center;\"><strong>Jean LEBLANC<\/strong><\/h2>\n<p style=\"text-align: center;\"><strong>1821 \u2013 1894<\/strong><\/p>\n<p style=\"text-align: center;\"><img decoding=\"async\" title=\"\" src=\"https:\/\/lesmaconsdelacreuse.fr\/annuaire\/wp-content\/uploads\/2019\/07\/image1-1552.jpg\" alt=\"\" data-source-id=\"i.0\" data-asset-id=\"6388\" \/><\/p>\n<h4 style=\"text-align: center;\"><span style=\"color: #008000;\"><a href=\"https:\/\/www.lesmaconsdelacreuse.fr\/annuaires\/wp-content\/uploads\/2020\/07\/TAILLEUR-DE-PIERRE.png\"><strong>\u25ba<\/strong> <strong><span style=\"color: #008000;\">tailleur de pierre<\/span><\/strong><\/a>\u00a0et <strong>ma\u00e7on<\/strong>; <strong>cultivateur<\/strong><\/span><\/h4>\n<p>&nbsp;<\/p>\n<p style=\"text-align: center;\">n\u00e9 \u00e0 La Borderie (Le Compeix)<\/p>\n<p style=\"text-align: center;\">le 17 septembre 1821<\/p>\n<p style=\"text-align: center;\">fils de<\/p>\n<p style=\"text-align: center;\">Jean LEBLANC \/ Catherine MARTIN<\/p>\n<p style=\"text-align: center;\">propri\u00e9taires cultivateurs<\/p>\n<p style=\"text-align: center;\"><span style=\"color: #ffffff;\">\u25d9<\/span><\/p>\n<p><strong>En 1842<\/strong><em>, Jean est dispens\u00e9 de service militaire pour mauvais pieds.<\/em><\/p>\n<p><em>Il \u00e9pouse Th\u00e9r\u00e8se <\/em><strong>JARRY<\/strong><em> le 31 janvier <\/em><strong>1847<\/strong><em> \u00e0 Roy\u00e8re (contrat Toumieux). Ils habitent La Borderie.<\/em><\/p>\n<p><em>Ils y d\u00e9c\u00e8dent\u00a0:<\/em><\/p>\n<ul>\n<li><em>Th\u00e9r\u00e8se, le 2 juin <\/em><strong>1883<\/strong><em>, \u00e2g\u00e9e de 56 ans<\/em><\/li>\n<li><em> Jean, le 5 mars <\/em><strong>1894<\/strong><em>, \u00e2g\u00e9 de 72 ans<\/em><\/li>\n<\/ul>\n<p>&nbsp;<\/p>\n","protected":false},"excerpt":{"rendered":"<p>Mis \u00e0 jour le : 27\/04\/2026Jean LEBLANC 1821 \u2013 1894 \u25ba tailleur de pierre\u00a0et ma\u00e7on; cultivateur &nbsp; n\u00e9 \u00e0 La Borderie (Le Compeix) le 17 septembre 1821 fils de Jean LEBLANC \/ Catherine MARTIN propri\u00e9taires cultivateurs \u25d9 En 1842, Jean est dispens\u00e9 de service militaire pour mauvais pieds. Il \u00e9pouse Th\u00e9r\u00e8se JARRY le 31 janvier ..<\/p>\n<div class=\"clear-fix\"><\/div>\n<p><a href=\"https:\/\/www.lesmaconsdelacreuse.fr\/annuaires\/lettre-l\/l_657\/\" title=\"Lire la suite...\">Lire la suite<\/a><\/p>\n","protected":false},"author":6,"featured_media":0,"comment_status":"closed","ping_status":"closed","sticky":false,"template":"","format":"standard","meta":{"_acf_changed":false,"_exactmetrics_skip_tracking":false,"_exactmetrics_sitenote_active":false,"_exactmetrics_sitenote_note":"","_exactmetrics_sitenote_category":0,"footnotes":""},"categories":[19],"tags":[],"class_list":["post-6389","post","type-post","status-publish","format-standard","hentry","category-lettre-l"],"acf":[],"_links":{"self":[{"href":"https:\/\/www.lesmaconsdelacreuse.fr\/annuaires\/wp-json\/wp\/v2\/posts\/6389","targetHints":{"allow":["GET"]}}],"collection":[{"href":"https:\/\/www.lesmaconsdelacreuse.fr\/annuaires\/wp-json\/wp\/v2\/posts"}],"about":[{"href":"https:\/\/www.lesmaconsdelacreuse.fr\/annuaires\/wp-json\/wp\/v2\/types\/post"}],"author":[{"embeddable":true,"href":"https:\/\/www.lesmaconsdelacreuse.fr\/annuaires\/wp-json\/wp\/v2\/users\/6"}],"replies":[{"embeddable":true,"href":"https:\/\/www.lesmaconsdelacreuse.fr\/annuaires\/wp-json\/wp\/v2\/comments?post=6389"}],"version-history":[{"count":0,"href":"https:\/\/www.lesmaconsdelacreuse.fr\/annuaires\/wp-json\/wp\/v2\/posts\/6389\/revisions"}],"wp:attachment":[{"href":"https:\/\/www.lesmaconsdelacreuse.fr\/annuaires\/wp-json\/wp\/v2\/media?parent=6389"}],"wp:term":[{"taxonomy":"category","embeddable":true,"href":"https:\/\/www.lesmaconsdelacreuse.fr\/annuaires\/wp-json\/wp\/v2\/categories?post=6389"},{"taxonomy":"post_tag","embeddable":true,"href":"https:\/\/www.lesmaconsdelacreuse.fr\/annuaires\/wp-json\/wp\/v2\/tags?post=6389"}],"curies":[{"name":"wp","href":"https:\/\/api.w.org\/{rel}","templated":true}]}}