{"id":6395,"date":"2019-07-28T13:41:21","date_gmt":"2019-07-28T11:41:21","guid":{"rendered":"http:\/\/lesmaconsdelacreuse.fr\/annuaire\/?p=6395"},"modified":"2020-09-23T15:30:21","modified_gmt":"2020-09-23T13:30:21","slug":"l_659","status":"publish","type":"post","link":"https:\/\/www.lesmaconsdelacreuse.fr\/annuaires\/lettre-l\/l_659\/","title":{"rendered":"LEBLANC Jean (1828-1888)"},"content":{"rendered":"<p class=\"last-updated\"><strong>Mis \u00e0 jour le :<\/strong> 27\/04\/2026<\/p><h2 style=\"text-align: center;\"><strong>Jean LEBLANC<\/strong><\/h2>\n<p style=\"text-align: center;\"><strong>1828 \u2013 1888<\/strong><\/p>\n<p style=\"text-align: center;\"><img decoding=\"async\" title=\"\" src=\"https:\/\/lesmaconsdelacreuse.fr\/annuaire\/wp-content\/uploads\/2019\/07\/image1-1554.jpg\" alt=\"\" data-source-id=\"i.0\" data-asset-id=\"6392\" \/><\/p>\n<h4 style=\"text-align: center;\"><span style=\"color: #008000;\"><strong>ma\u00e7on <\/strong>et<strong> cultivateur<\/strong><\/span><\/h4>\n<p>&nbsp;<\/p>\n<p style=\"text-align: center;\">n\u00e9 \u00e0 Brudieux (Saint-Martin-Ch\u00e2teau)<\/p>\n<p style=\"text-align: center;\">le 29 ao\u00fbt 1828<\/p>\n<p style=\"text-align: center;\">fils de<\/p>\n<p style=\"text-align: center;\">L\u00e9onard LEBLANC,<span style=\"color: #008000;\"><strong> ma\u00e7on<\/strong><\/span><\/p>\n<p style=\"text-align: center;\">Fran\u00e7oise CANQUE, cultivatrice<\/p>\n<p style=\"text-align: center;\"><span style=\"color: #ffffff;\">\u25d9<\/span><\/p>\n<p><em>Jean \u00e9pouse Marguerite <\/em><strong>OLIVIER<\/strong><em> le 19 janvier <\/em><strong>1851<\/strong> <em>\u00e0 Saint-Martin-Ch\u00e2teau\u00a0 (contrat JB Junien FAURE). Ils habitent d\u2019abord le village de L\u00e2ge.<\/em><\/p>\n<p><strong>En 1871<\/strong><em>, ils sont \u00e0 <\/em><span style=\"color: #0000ff;\"><strong>Lyon (69)<\/strong><\/span><em> 13, rue d\u2019 Aguesseau, 3e arrondissement.<\/em><\/p>\n<p><em>Marguerite d\u00e9c\u00e8de \u00e0 cette adresse le 9 mars de la m\u00eame ann\u00e9e, \u00e2g\u00e9e de 45 ans.<\/em><\/p>\n<p><em> Jean se remarie le 11 mai <\/em><strong>1872<\/strong><em> \u00e0 <\/em><span style=\"color: #0000ff;\"><strong>Saint-Cyr-au-Mont-d\u2019Or (69)<\/strong><\/span><em> avec Antoinette <\/em><strong>GUILLIEN<\/strong><em>.<\/em><\/p>\n<p><strong>En 1877 et 1878<\/strong><em>, le couple habite Lyon, 68, rue Montesquieu.<\/em><\/p>\n<p><em>Antoinette d\u00e9c\u00e8de \u00e0 \u25ba<a href=\"https:\/\/www.lesmaconsdelacreuse.fr\/annuaires\/\/wp-content\/uploads\/PHOTOS_-_CARTES_POSTALES\/\/LYON_-_Hopital_de_lHotel-Dieu.jpg\" target=\"_blank\" rel=\"noopener noreferrer\">l\u2019H\u00f4tel-Dieu<\/a>, Lyon 2e le 14 octobre <\/em><strong>1878<\/strong><em>.<\/em><\/p>\n<p><em> Jean se marie en 3e noces, \u00e0 Lyon<\/em> <em>3e le 4 novembre <\/em><strong>1880<\/strong> <em>avec Justine <\/em><strong>MAITRET<\/strong><em>, couturi\u00e8re n\u00e9e dans le Jura\u00a0; il habite \u00e0 l\u2019adresse de 1877.<\/em><\/p>\n<p><strong>En 1881<\/strong><em>, les \u00e9poux habitent 48, rue de Chartres, Lyon 3e arrondissement.<\/em><\/p>\n<p><em> Justine, concierge, d\u00e9c\u00e8de \u00e0 cette adresse le 12 avril de la m\u00eame ann\u00e9e, \u00e2g\u00e9e de 54 ans.<\/em><\/p>\n<p><strong>En 1887<\/strong><em>, Jean habite 29, grande rue de La Guilloti\u00e8re.<\/em><\/p>\n<p><em>Il se marie une nouvelle fois le 22 septembre de la m\u00eame ann\u00e9e \u00e0 Lyon 3e avec Marie C\u00e9lestine <\/em><strong>NURY<\/strong><em>, \u25ba<a href=\"https:\/\/www.lesmaconsdelacreuse.fr\/annuaires\/wp-content\/uploads\/2019\/08\/OVALISTE.png\" target=\"_blank\" rel=\"noopener noreferrer\">ovaliste<\/a> originaire d\u2019Ard\u00e8che (mari\u00e9s sans contrat). <\/em><\/p>\n<p><strong>En 1888<\/strong><em>, les \u00e9poux habitent 96, rue Cuvier, 6e arrondissement.<\/em><\/p>\n<p><em>Jean d\u00e9c\u00e8de \u00e0 cette adresse le 8 juin de la m\u00eame ann\u00e9e, \u00e2g\u00e9 de 59 ans.<\/em><\/p>\n<p>&nbsp;<\/p>\n","protected":false},"excerpt":{"rendered":"<p>Mis \u00e0 jour le : 27\/04\/2026Jean LEBLANC 1828 \u2013 1888 ma\u00e7on et cultivateur &nbsp; n\u00e9 \u00e0 Brudieux (Saint-Martin-Ch\u00e2teau) le 29 ao\u00fbt 1828 fils de L\u00e9onard LEBLANC, ma\u00e7on Fran\u00e7oise CANQUE, cultivatrice \u25d9 Jean \u00e9pouse Marguerite OLIVIER le 19 janvier 1851 \u00e0 Saint-Martin-Ch\u00e2teau\u00a0 (contrat JB Junien FAURE). Ils habitent d\u2019abord le village de L\u00e2ge. En 1871, ils ..<\/p>\n<div class=\"clear-fix\"><\/div>\n<p><a href=\"https:\/\/www.lesmaconsdelacreuse.fr\/annuaires\/lettre-l\/l_659\/\" title=\"Lire la suite...\">Lire la suite<\/a><\/p>\n","protected":false},"author":6,"featured_media":0,"comment_status":"closed","ping_status":"closed","sticky":false,"template":"","format":"standard","meta":{"_acf_changed":false,"_exactmetrics_skip_tracking":false,"_exactmetrics_sitenote_active":false,"_exactmetrics_sitenote_note":"","_exactmetrics_sitenote_category":0,"footnotes":""},"categories":[19],"tags":[],"class_list":["post-6395","post","type-post","status-publish","format-standard","hentry","category-lettre-l"],"acf":[],"_links":{"self":[{"href":"https:\/\/www.lesmaconsdelacreuse.fr\/annuaires\/wp-json\/wp\/v2\/posts\/6395","targetHints":{"allow":["GET"]}}],"collection":[{"href":"https:\/\/www.lesmaconsdelacreuse.fr\/annuaires\/wp-json\/wp\/v2\/posts"}],"about":[{"href":"https:\/\/www.lesmaconsdelacreuse.fr\/annuaires\/wp-json\/wp\/v2\/types\/post"}],"author":[{"embeddable":true,"href":"https:\/\/www.lesmaconsdelacreuse.fr\/annuaires\/wp-json\/wp\/v2\/users\/6"}],"replies":[{"embeddable":true,"href":"https:\/\/www.lesmaconsdelacreuse.fr\/annuaires\/wp-json\/wp\/v2\/comments?post=6395"}],"version-history":[{"count":0,"href":"https:\/\/www.lesmaconsdelacreuse.fr\/annuaires\/wp-json\/wp\/v2\/posts\/6395\/revisions"}],"wp:attachment":[{"href":"https:\/\/www.lesmaconsdelacreuse.fr\/annuaires\/wp-json\/wp\/v2\/media?parent=6395"}],"wp:term":[{"taxonomy":"category","embeddable":true,"href":"https:\/\/www.lesmaconsdelacreuse.fr\/annuaires\/wp-json\/wp\/v2\/categories?post=6395"},{"taxonomy":"post_tag","embeddable":true,"href":"https:\/\/www.lesmaconsdelacreuse.fr\/annuaires\/wp-json\/wp\/v2\/tags?post=6395"}],"curies":[{"name":"wp","href":"https:\/\/api.w.org\/{rel}","templated":true}]}}