{"id":6396,"date":"2019-07-28T13:41:21","date_gmt":"2019-07-28T11:41:21","guid":{"rendered":"http:\/\/lesmaconsdelacreuse.fr\/annuaire\/?p=6396"},"modified":"2020-09-28T10:36:08","modified_gmt":"2020-09-28T08:36:08","slug":"l_660","status":"publish","type":"post","link":"https:\/\/www.lesmaconsdelacreuse.fr\/annuaires\/lettre-l\/l_660\/","title":{"rendered":"LEBLANC Jean (1831-1912)"},"content":{"rendered":"<p class=\"last-updated\"><strong>Mis \u00e0 jour le :<\/strong> 27\/04\/2026<\/p><h2 style=\"text-align: center;\"><strong>Jean LEBLANC<\/strong><\/h2>\n<p style=\"text-align: center;\"><strong>1831 \u2013 1912<\/strong><\/p>\n<p style=\"text-align: center;\"><img decoding=\"async\" title=\"\" src=\"https:\/\/lesmaconsdelacreuse.fr\/annuaire\/wp-content\/uploads\/2019\/07\/image1-1555.jpg\" alt=\"\" data-source-id=\"i.0\" data-asset-id=\"6394\" \/><\/p>\n<h4 style=\"text-align: center;\"><span style=\"color: #008000;\"><strong>ma\u00e7on<\/strong>; <strong>forgeron <\/strong>et<strong> mar\u00e9chal-ferrant<\/strong><\/span><\/h4>\n<p>&nbsp;<\/p>\n<p style=\"text-align: center;\">n\u00e9 au bourg de Saint-Martin-Ch\u00e2teau<\/p>\n<p style=\"text-align: center;\">le 19 septembre 1831<\/p>\n<p style=\"text-align: center;\">fils de<\/p>\n<p style=\"text-align: center;\">L\u00e9onard LEBLANC, <em>\u25ba <\/em><a href=\"https:\/\/www.lesmaconsdelacreuse.fr\/annuaires\/wp-content\/uploads\/2019\/08\/TAILLANDIER.png\">taillandier<\/a><\/p>\n<p style=\"text-align: center;\">Marie DARFEUILLE, cultivatrice<\/p>\n<p style=\"text-align: center;\"><span style=\"color: #ffffff;\">\u25d9<\/span><\/p>\n<p><strong>En 1852<\/strong><em>, Jean, <\/em><span style=\"color: #008000;\"><strong>ma\u00e7on<\/strong><\/span><em>, est dispens\u00e9 de service militaire, ayant un fr\u00e8re sous les drapeaux.<\/em><\/p>\n<p><span style=\"color: #008000;\"><strong>Forgeron<\/strong><\/span><em>, il \u00e9pouse Antoinette <\/em><strong>LEGALANT<\/strong><em> le 18 d\u00e9cembre <\/em><strong>1855<\/strong><em> \u00e0 Peyrat-le-Ch\u00e2teau (87).<\/em><\/p>\n<p><strong>En 1861 et 1863<\/strong><em>, les \u00e9poux habitent <\/em><span style=\"color: #0000ff;\"><strong>Lyon (69)<\/strong><\/span><em>.<\/em><\/p>\n<p><em> Retir\u00e9s \u00e0 Roy\u00e8re, ils y d\u00e9c\u00e8dent:<\/em><\/p>\n<ul>\n<li><em>Jean, le 8 septembre <\/em><strong>1912<\/strong><em>, \u00e2g\u00e9 de 80 ans<\/em><\/li>\n<li><em>Antoinette, le 20 avril <\/em><strong>1915<\/strong><em>, \u00e2g\u00e9e de 82 ans<\/em><\/li>\n<\/ul>\n<p>&nbsp;<\/p>\n","protected":false},"excerpt":{"rendered":"<p>Mis \u00e0 jour le : 27\/04\/2026Jean LEBLANC 1831 \u2013 1912 ma\u00e7on; forgeron et mar\u00e9chal-ferrant &nbsp; n\u00e9 au bourg de Saint-Martin-Ch\u00e2teau le 19 septembre 1831 fils de L\u00e9onard LEBLANC, \u25ba taillandier Marie DARFEUILLE, cultivatrice \u25d9 En 1852, Jean, ma\u00e7on, est dispens\u00e9 de service militaire, ayant un fr\u00e8re sous les drapeaux. Forgeron, il \u00e9pouse Antoinette LEGALANT le ..<\/p>\n<div class=\"clear-fix\"><\/div>\n<p><a href=\"https:\/\/www.lesmaconsdelacreuse.fr\/annuaires\/lettre-l\/l_660\/\" title=\"Lire la suite...\">Lire la suite<\/a><\/p>\n","protected":false},"author":6,"featured_media":0,"comment_status":"closed","ping_status":"closed","sticky":false,"template":"","format":"standard","meta":{"_acf_changed":false,"_exactmetrics_skip_tracking":false,"_exactmetrics_sitenote_active":false,"_exactmetrics_sitenote_note":"","_exactmetrics_sitenote_category":0,"footnotes":""},"categories":[19],"tags":[],"class_list":["post-6396","post","type-post","status-publish","format-standard","hentry","category-lettre-l"],"acf":[],"_links":{"self":[{"href":"https:\/\/www.lesmaconsdelacreuse.fr\/annuaires\/wp-json\/wp\/v2\/posts\/6396","targetHints":{"allow":["GET"]}}],"collection":[{"href":"https:\/\/www.lesmaconsdelacreuse.fr\/annuaires\/wp-json\/wp\/v2\/posts"}],"about":[{"href":"https:\/\/www.lesmaconsdelacreuse.fr\/annuaires\/wp-json\/wp\/v2\/types\/post"}],"author":[{"embeddable":true,"href":"https:\/\/www.lesmaconsdelacreuse.fr\/annuaires\/wp-json\/wp\/v2\/users\/6"}],"replies":[{"embeddable":true,"href":"https:\/\/www.lesmaconsdelacreuse.fr\/annuaires\/wp-json\/wp\/v2\/comments?post=6396"}],"version-history":[{"count":0,"href":"https:\/\/www.lesmaconsdelacreuse.fr\/annuaires\/wp-json\/wp\/v2\/posts\/6396\/revisions"}],"wp:attachment":[{"href":"https:\/\/www.lesmaconsdelacreuse.fr\/annuaires\/wp-json\/wp\/v2\/media?parent=6396"}],"wp:term":[{"taxonomy":"category","embeddable":true,"href":"https:\/\/www.lesmaconsdelacreuse.fr\/annuaires\/wp-json\/wp\/v2\/categories?post=6396"},{"taxonomy":"post_tag","embeddable":true,"href":"https:\/\/www.lesmaconsdelacreuse.fr\/annuaires\/wp-json\/wp\/v2\/tags?post=6396"}],"curies":[{"name":"wp","href":"https:\/\/api.w.org\/{rel}","templated":true}]}}