{"id":6398,"date":"2019-07-28T13:41:21","date_gmt":"2019-07-28T11:41:21","guid":{"rendered":"http:\/\/lesmaconsdelacreuse.fr\/annuaire\/?p=6398"},"modified":"2020-01-20T11:27:13","modified_gmt":"2020-01-20T10:27:13","slug":"l_679","status":"publish","type":"post","link":"https:\/\/www.lesmaconsdelacreuse.fr\/annuaires\/lettre-l\/l_679\/","title":{"rendered":"LEBLANC Jules Alexandre (1862-1898)"},"content":{"rendered":"<p class=\"last-updated\"><strong>Mis \u00e0 jour le :<\/strong> 27\/04\/2026<\/p><h2 style=\"text-align: center;\"><strong>Jules Alexandre LEBLANC<\/strong><\/h2>\n<p style=\"text-align: center;\"><strong>Jules LEBLANC<\/strong><\/p>\n<p style=\"text-align: center;\"><strong>1862 \u2013 1898<\/strong><\/p>\n<p style=\"text-align: center;\"><img loading=\"lazy\" decoding=\"async\" class=\"\" title=\"\" src=\"https:\/\/lesmaconsdelacreuse.fr\/annuaire\/wp-content\/uploads\/2019\/07\/image1-93.png\" alt=\"\" width=\"406\" height=\"95\" data-source-id=\"i.0\" data-asset-id=\"6397\" \/><\/p>\n<h4 style=\"text-align: center;\"><strong><span style=\"color: #008000;\">cimentier<\/span><\/strong><\/h4>\n<p style=\"text-align: center;\">n\u00e9 \u00e0 Lestrade (Saint-Junien-la-Breg\u00e8re)<\/p>\n<p style=\"text-align: center;\">le 1er septembre 1862<\/p>\n<p style=\"text-align: center;\">fils de<\/p>\n<p style=\"text-align: center;\">L\u00e9onard LEBLANC, <span style=\"color: #008000;\"><strong>ma\u00e7on <\/strong><\/span><strong>\/ <\/strong>Marie Marguerite P\u00c9RIER<\/p>\n<p style=\"text-align: center;\">propri\u00e9taires cultivateurs<\/p>\n<p style=\"text-align: center;\"><span style=\"color: #ffffff;\">\u25d9<\/span><\/p>\n<p><em>Jules \u00e9pouse Marie <\/em><strong>LARMARAUD<\/strong><em> \u00e0 Saint-Julien-le-Petit (87) le 19 mars <\/em><strong>1895<\/strong> <em>(contrat Raymond \u00e0 Eymoutiers).<\/em><\/p>\n<p><strong>En 1898<\/strong><em>, il travaille \u00e0 <\/em><span style=\"color: #008000;\"><strong>Lyon (69)<\/strong><\/span><em>, et loge Place du Gouvernement, 5e arrondissement.<\/em><\/p>\n<p><em>Il d\u00e9c\u00e8de \u00e0 cette adresse le 21 f\u00e9vrier de la m\u00eame ann\u00e9e, \u00e2g\u00e9 de 35 ans.<\/em><\/p>\n<p><em>Sa veuve se remarie en 1900 avec L\u00e9onard SURTET, et d\u00e9c\u00e8de \u00e0 Champn\u00e9tery (87) le 19 janvier 1950, \u00e2g\u00e9e de 76 ans.<\/em><\/p>\n","protected":false},"excerpt":{"rendered":"<p>Mis \u00e0 jour le : 27\/04\/2026Jules Alexandre LEBLANC Jules LEBLANC 1862 \u2013 1898 cimentier n\u00e9 \u00e0 Lestrade (Saint-Junien-la-Breg\u00e8re) le 1er septembre 1862 fils de L\u00e9onard LEBLANC, ma\u00e7on \/ Marie Marguerite P\u00c9RIER propri\u00e9taires cultivateurs \u25d9 Jules \u00e9pouse Marie LARMARAUD \u00e0 Saint-Julien-le-Petit (87) le 19 mars 1895 (contrat Raymond \u00e0 Eymoutiers). En 1898, il travaille \u00e0 Lyon ..<\/p>\n<div class=\"clear-fix\"><\/div>\n<p><a href=\"https:\/\/www.lesmaconsdelacreuse.fr\/annuaires\/lettre-l\/l_679\/\" title=\"Lire la suite...\">Lire la suite<\/a><\/p>\n","protected":false},"author":6,"featured_media":0,"comment_status":"closed","ping_status":"closed","sticky":false,"template":"","format":"standard","meta":{"_acf_changed":false,"_exactmetrics_skip_tracking":false,"_exactmetrics_sitenote_active":false,"_exactmetrics_sitenote_note":"","_exactmetrics_sitenote_category":0,"footnotes":""},"categories":[19],"tags":[],"class_list":["post-6398","post","type-post","status-publish","format-standard","hentry","category-lettre-l"],"acf":[],"_links":{"self":[{"href":"https:\/\/www.lesmaconsdelacreuse.fr\/annuaires\/wp-json\/wp\/v2\/posts\/6398","targetHints":{"allow":["GET"]}}],"collection":[{"href":"https:\/\/www.lesmaconsdelacreuse.fr\/annuaires\/wp-json\/wp\/v2\/posts"}],"about":[{"href":"https:\/\/www.lesmaconsdelacreuse.fr\/annuaires\/wp-json\/wp\/v2\/types\/post"}],"author":[{"embeddable":true,"href":"https:\/\/www.lesmaconsdelacreuse.fr\/annuaires\/wp-json\/wp\/v2\/users\/6"}],"replies":[{"embeddable":true,"href":"https:\/\/www.lesmaconsdelacreuse.fr\/annuaires\/wp-json\/wp\/v2\/comments?post=6398"}],"version-history":[{"count":0,"href":"https:\/\/www.lesmaconsdelacreuse.fr\/annuaires\/wp-json\/wp\/v2\/posts\/6398\/revisions"}],"wp:attachment":[{"href":"https:\/\/www.lesmaconsdelacreuse.fr\/annuaires\/wp-json\/wp\/v2\/media?parent=6398"}],"wp:term":[{"taxonomy":"category","embeddable":true,"href":"https:\/\/www.lesmaconsdelacreuse.fr\/annuaires\/wp-json\/wp\/v2\/categories?post=6398"},{"taxonomy":"post_tag","embeddable":true,"href":"https:\/\/www.lesmaconsdelacreuse.fr\/annuaires\/wp-json\/wp\/v2\/tags?post=6398"}],"curies":[{"name":"wp","href":"https:\/\/api.w.org\/{rel}","templated":true}]}}